{"id":50665,"date":"2026-04-30T17:48:28","date_gmt":"2026-04-30T21:48:28","guid":{"rendered":"https:\/\/climateactionnetwork.ca\/?p=50665"},"modified":"2026-04-30T17:48:50","modified_gmt":"2026-04-30T21:48:50","slug":"la-conference-de-santa-marta-tire-a-sa-fin-mais-la-transition-vers-labandon-des-energies-fossiles-continue-sur-sa-lancee","status":"publish","type":"post","link":"https:\/\/climateactionnetwork.ca\/fr\/la-conference-de-santa-marta-tire-a-sa-fin-mais-la-transition-vers-labandon-des-energies-fossiles-continue-sur-sa-lancee\/","title":{"rendered":"La conf\u00e9rence de Santa Marta tire \u00e0 sa fin, mais la transition vers l\u2019abandon des \u00e9nergies fossiles continue sur sa lanc\u00e9e"},"content":{"rendered":"<div class=\"fusion-fullwidth fullwidth-box fusion-builder-row-1 fusion-flex-container has-pattern-background has-mask-background nonhundred-percent-fullwidth non-hundred-percent-height-scrolling\" style=\"background-color: rgba(255,255,255,0);background-position: center center;background-repeat: no-repeat;border-width: 0px 0px 0px 0px;border-color:var(--awb-color3);border-style:solid;\" ><div class=\"fusion-builder-row fusion-row fusion-flex-align-items-flex-start\" style=\"max-width:1352px;margin-left: calc(-4% \/ 2 );margin-right: calc(-4% \/ 2 );\"><div class=\"fusion-layout-column fusion_builder_column fusion-builder-column-0 fusion_builder_column_1_1 1_1 fusion-flex-column\"><div class=\"fusion-column-wrapper fusion-flex-justify-content-flex-start fusion-content-layout-column\" style=\"background-position:left top;background-repeat:no-repeat;-webkit-background-size:cover;-moz-background-size:cover;-o-background-size:cover;background-size:cover;padding: 0px 0px 0px 0px;\"><div class=\"fusion-text fusion-text-1\"><p><b>Territoires non c\u00e9d\u00e9s de la Nation algonquine Anishinaabe [OTTAWA], 30 avril 2026 :<\/b><\/p>\n<p><span style=\"font-weight: 400;\">La premi\u00e8re <\/span><a href=\"https:\/\/transitionawayconference.com\/\"><span style=\"font-weight: 400;\">Conf\u00e9rence pour une transition hors des \u00e9nergies fossiles<\/span><\/a><span style=\"font-weight: 400;\"> s\u2019est conclue hier \u00e0 Santa Marta, en Colombie. Elle a marqu\u00e9 une premi\u00e8re historique de coop\u00e9ration internationale et de transparence, en abordant directement la n\u00e9cessit\u00e9 d&rsquo;\u00e9liminer progressivement les \u00e9nergies fossiles ainsi que les obstacles qui s&rsquo;y opposent. Une deuxi\u00e8me conf\u00e9rence \u00e0 Tuvalu ayant d\u00e9j\u00e0 \u00e9t\u00e9 annonc\u00e9e, sous les ovations du public \u00e0 Santa Marta; tout est en place pour que les pays travaillent ensemble afin d\u2019acc\u00e9l\u00e9rer les progr\u00e8s vers la transition.<\/span><\/p>\n<blockquote>\n<p><b>Le\u00efla Cantave, coordonnatrice strat\u00e9gique \u00e0 l&rsquo;engagement international des membres du R\u00e9seau action climat Canada<\/b><span style=\"font-weight: 400;\">, a d\u00e9clar\u00e9 : \u00ab Santa Marta a transform\u00e9 l\u2019ambition d\u2019une transition hors des \u00e9nergies fossiles en un chantier collectif. Des centaines d\u2019organisations incluant des communaut\u00e9s de premi\u00e8re ligne, des peuples autochtones, des personnes afrodescendantes, des syndicats et des jeunes, ont prouv\u00e9 qu\u2019il \u00e9tait possible de conjuguer action et conviction pour acc\u00e9l\u00e9rer la sortie mondiale des \u00e9nergies fossiles.\u00a0<\/span><\/p>\n<p><span style=\"font-weight: 400;\">\u00ab Le Canada \u00e9tait \u00e9galement pr\u00e9sent \u00e0 Santa Marta, mais y a particip\u00e9 avec prudence. Une tension demeure avec ses plans d&rsquo;expansion du secteur p\u00e9trolier et gazier mis en \u00e9vidence dans sa Mise \u00e0 jour \u00e9conomique du printemps, publi\u00e9e la m\u00eame semaine.<\/span><\/p>\n<p><span style=\"font-weight: 400;\">\u00ab Le Canada et le Qu\u00e9bec ont un r\u00f4le important \u00e0 jouer dans ce mouvement ici, chez nous \u2014 dans nos politiques, nos budgets et nos d\u00e9cisions d\u2019investissement\u2014 et comme r\u00e9els partenaires d\u2019une transition juste mondiale. La prochaine \u00e9tape consiste \u00e0 d\u00e9manteler les barri\u00e8res structurelles et syst\u00e9miques qui freinent cette transition, et surtout, \u00e0 ne pas en \u00e9riger de nouvelles.\u00a0\u00bb<\/span><\/p>\n<\/blockquote>\n<p><b>Analyses et d\u00e9nouements cl\u00e9s :\u00a0<\/b><\/p>\n<ul>\n<li style=\"font-weight: 400;\" aria-level=\"1\"><span style=\"font-weight: 400;\">Dans ses interventions, le Canada a insist\u00e9 sur les liens entre les opportunit\u00e9s \u00e9conomiques et l&rsquo;action climatique, et sur l&rsquo;importance de la coop\u00e9ration internationale \u2014 mais n&rsquo;a pas reconnu la n\u00e9cessit\u00e9 de s&rsquo;affranchir des \u00e9nergies fossiles, ni abord\u00e9 en profondeur la question de la gouvernance internationale de la transition \u00e9nerg\u00e9tique.<\/span><\/li>\n<li style=\"font-weight: 400;\" aria-level=\"1\"><span style=\"font-weight: 400;\">La<\/span><a href=\"https:\/\/fossilfreerising.org\/declaration\"> <span style=\"font-weight: 400;\">D\u00e9claration des peuples pour une transition rapide, \u00e9quitable et juste vers un avenir sans \u00e9nergies fossiles<\/span><\/a><span style=\"font-weight: 400;\"> pr\u00e9sente une <\/span><b>vision politique et un plan d\u2019action<\/b><span style=\"font-weight: 400;\"> complets pour les t\u00e2ches \u00e0 accomplir. Ce document est le fruit de plusieurs mois de travail et de concertation autour de principes et de revendications, ainsi que de trois jours de r\u00e9union en pr\u00e9sentiel lors du Sommet des peuples, r\u00e9unissant des organisations de la soci\u00e9t\u00e9 civile, des communaut\u00e9s de premi\u00e8re ligne, des communaut\u00e9s autochtones, des personnes d\u2019ascendance africaine, des femmes, des jeunes et des travailleurs et travailleuses.<\/span><\/li>\n<li style=\"font-weight: 400;\" aria-level=\"1\"><span style=\"font-weight: 400;\">La conf\u00e9rence de haut niveau et les<\/span><a href=\"https:\/\/static1.squarespace.com\/static\/68dc91a7e566d74a91e8e22d\/t\/69f2979327f294060a2cb53d\/1777506195819\/TAFF+Conference_Co-host+Takeaways_DEF.pdf\"> <span style=\"font-weight: 400;\">principales conclusions des coorganisateurs<\/span><\/a><span style=\"font-weight: 400;\"> n\u2019ont pas totalement r\u00e9pondu aux appels \u00e0 l\u2019action et aux propositions substantielles de la D\u00e9claration des Peuples. C<\/span><b>et \u00e9cart doit \u00eatre corrig\u00e9<\/b><span style=\"font-weight: 400;\"> dans le rapport final de la conf\u00e9rence, publi\u00e9 prochainement.<\/span><\/li>\n<li style=\"font-weight: 400;\" aria-level=\"1\"><span style=\"font-weight: 400;\">Le travail de coordination se poursuivra <\/span><b>pour relier les r\u00e9sultats de la conf\u00e9rence aux proc\u00e9dures des Nations unies<\/b><span style=\"font-weight: 400;\"> ainsi qu&rsquo;aux COP sur le climat, ainsi qu\u2019aux travaux de la pr\u00e9sidence de la COP30 sur l&rsquo;\u00e9laboration d&rsquo;une feuille de route pour la transition hors des \u00e9nergies fossiles. Les pays et les r\u00e9gions b\u00e9n\u00e9ficieront \u00e9galement du lancement du nouveau Groupe d\u2019experts scientifiques pour la transition \u00e9nerg\u00e9tique mondiale, un panel de scientifiques de renomm\u00e9e mondiale sp\u00e9cialis\u00e9s dans la transition \u00e9nerg\u00e9tique, en mesure de contribuer \u00e0 l&rsquo;\u00e9laboration des feuilles de route de transition.<\/span><\/li>\n<li style=\"font-weight: 400;\" aria-level=\"1\"><span style=\"font-weight: 400;\">Alors que les pays se mettent au travail pour trouver des solutions concr\u00e8tes dans le cadre des trois piliers th\u00e8mes de la conf\u00e9rence,<\/span><b> Tuvalu accueillera une deuxi\u00e8me conf\u00e9rence <\/b><span style=\"font-weight: 400;\">sur la transition vers l&rsquo;abandon des \u00e9nergies fossiles en 2027, coorganis\u00e9e avec l&rsquo;Irlande. Cette deuxi\u00e8me conf\u00e9rence doit aller plus loin en termes d&rsquo;ambition et s&rsquo;attaquer aux obstacles structurels qui ont emp\u00each\u00e9 la pleine participation des pays du Sud \u00e0 Santa Marta.<\/span><\/li>\n<\/ul>\n<p style=\"text-align: center;\"><span style=\"font-weight: 400;\">-30-<\/span><\/p>\n<p><b><i>Climate Action Network \u2013 R\u00e9seau action climat (CAN-Rac) Canada <\/i><\/b><i><span style=\"font-weight: 400;\">est le plus vaste r\u00e9seau d\u2019organisations travaillant sur les questions li\u00e9es aux changements climatiques et \u00e0 l\u2019\u00e9nergie au Canada. Il s\u2019agit d\u2019une coalition de pr\u00e8s de 200 organisations op\u00e9rant d\u2019un oc\u00e9an \u00e0 l\u2019autre. Nos membres rassemblent des groupes environnementaux, des syndicats, des Premi\u00e8res Nations, des organisations de justice sociale, de d\u00e9veloppement, de sant\u00e9 et de jeunesse, des groupes religieux et des initiatives locales.<\/span><\/i><\/p>\n<p><b>Pour plus d\u2019informations ou pour organiser une entrevue, contactez :<\/b><\/p>\n<p><span style=\"font-weight: 400;\">Audrey Robillard, Coordonnatrice des communications bilingues<br \/>\n<\/span><a href=\"mailto:audreyrobillard@climateactionnetwork.ca\"><span style=\"font-weight: 400;\">audreyrobillard@climateactionnetwork.ca<\/span><\/a><span style=\"font-weight: 400;\"> \u00a0 <\/span><\/p>\n<\/div><\/div><style type=\"text\/css\">.fusion-body .fusion-builder-column-0{width:100% !important;margin-top : 0px;margin-bottom : 20px;}.fusion-builder-column-0 > .fusion-column-wrapper {padding-top : 0px !important;padding-right : 0px !important;margin-right : 1.92%;padding-bottom : 0px !important;padding-left : 0px !important;margin-left : 1.92%;}@media only screen and (max-width:1024px) {.fusion-body .fusion-builder-column-0{width:100% !important;order : 0;}.fusion-builder-column-0 > .fusion-column-wrapper {margin-right : 1.92%;margin-left : 1.92%;}}@media only screen and (max-width:800px) {.fusion-body .fusion-builder-column-0{width:100% !important;order : 0;}.fusion-builder-column-0 > .fusion-column-wrapper {margin-right : 1.92%;margin-left : 1.92%;}}<\/style><\/div><\/div><style type=\"text\/css\">.fusion-body .fusion-flex-container.fusion-builder-row-1{ padding-top : 0px;margin-top : 0px;padding-right : 0px;padding-bottom : 0px;margin-bottom : 0px;padding-left : 0px;}<\/style><\/div>\n","protected":false},"excerpt":{"rendered":"","protected":false},"author":23,"featured_media":50663,"comment_status":"closed","ping_status":"closed","sticky":false,"template":"","format":"standard","meta":{"inline_featured_image":false,"footnotes":"","_wp_rev_ctl_limit":""},"categories":[64],"tags":[],"class_list":["post-50665","post","type-post","status-publish","format-standard","has-post-thumbnail","hentry","category-press-release-fr"],"acf":[],"yoast_head":"<!-- This site is optimized with the Yoast SEO plugin v27.3 - https:\/\/yoast.com\/product\/yoast-seo-wordpress\/ -->\n<title>La conf\u00e9rence de Santa Marta tire \u00e0 sa fin, mais la transition vers l\u2019abandon des \u00e9nergies fossiles continue sur sa lanc\u00e9e - Climate Action Network Canada (CAN-Rac)<\/title>\n<meta name=\"robots\" content=\"index, follow, max-snippet:-1, max-image-preview:large, max-video-preview:-1\" \/>\n<link rel=\"canonical\" href=\"https:\/\/climateactionnetwork.ca\/fr\/la-conference-de-santa-marta-tire-a-sa-fin-mais-la-transition-vers-labandon-des-energies-fossiles-continue-sur-sa-lancee\/\" \/>\n<meta property=\"og:locale\" content=\"fr_FR\" \/>\n<meta property=\"og:type\" content=\"article\" \/>\n<meta property=\"og:title\" content=\"La conf\u00e9rence de Santa Marta tire \u00e0 sa fin, mais la transition vers l\u2019abandon des \u00e9nergies fossiles continue sur sa lanc\u00e9e - Climate Action Network Canada (CAN-Rac)\" \/>\n<meta property=\"og:url\" content=\"https:\/\/climateactionnetwork.ca\/fr\/la-conference-de-santa-marta-tire-a-sa-fin-mais-la-transition-vers-labandon-des-energies-fossiles-continue-sur-sa-lancee\/\" \/>\n<meta property=\"og:site_name\" content=\"Climate Action Network Canada (CAN-Rac)\" \/>\n<meta property=\"article:publisher\" content=\"https:\/\/www.facebook.com\/climate.action.network.canada\" \/>\n<meta property=\"article:published_time\" content=\"2026-04-30T21:48:28+00:00\" \/>\n<meta property=\"article:modified_time\" content=\"2026-04-30T21:48:50+00:00\" \/>\n<meta property=\"og:image\" content=\"https:\/\/climateactionnetwork.ca\/wp-content\/uploads\/55236982965_71afe4fab9_o-scaled.jpg\" \/>\n\t<meta property=\"og:image:width\" content=\"2560\" \/>\n\t<meta property=\"og:image:height\" content=\"1706\" \/>\n\t<meta property=\"og:image:type\" content=\"image\/jpeg\" \/>\n<meta name=\"author\" content=\"Audrey Robillard\" \/>\n<meta name=\"twitter:card\" content=\"summary_large_image\" \/>\n<meta name=\"twitter:creator\" content=\"@CANRacCanada\" \/>\n<meta name=\"twitter:site\" content=\"@CANRacCanada\" \/>\n<meta name=\"twitter:label1\" content=\"\u00c9crit par\" \/>\n\t<meta name=\"twitter:data1\" content=\"Audrey Robillard\" \/>\n\t<meta name=\"twitter:label2\" content=\"Dur\u00e9e de lecture estim\u00e9e\" \/>\n\t<meta name=\"twitter:data2\" content=\"4 minutes\" \/>\n<script type=\"application\/ld+json\" class=\"yoast-schema-graph\">{\"@context\":\"https:\\\/\\\/schema.org\",\"@graph\":[{\"@type\":\"Article\",\"@id\":\"https:\\\/\\\/climateactionnetwork.ca\\\/fr\\\/la-conference-de-santa-marta-tire-a-sa-fin-mais-la-transition-vers-labandon-des-energies-fossiles-continue-sur-sa-lancee\\\/#article\",\"isPartOf\":{\"@id\":\"https:\\\/\\\/climateactionnetwork.ca\\\/fr\\\/la-conference-de-santa-marta-tire-a-sa-fin-mais-la-transition-vers-labandon-des-energies-fossiles-continue-sur-sa-lancee\\\/\"},\"author\":{\"name\":\"Audrey Robillard\",\"@id\":\"https:\\\/\\\/climateactionnetwork.ca\\\/#\\\/schema\\\/person\\\/69a7adf3db32e8b9964d3b7a04f1a69c\"},\"headline\":\"La conf\u00e9rence de Santa Marta tire \u00e0 sa fin, mais la transition vers l\u2019abandon des \u00e9nergies fossiles continue sur sa lanc\u00e9e\",\"datePublished\":\"2026-04-30T21:48:28+00:00\",\"dateModified\":\"2026-04-30T21:48:50+00:00\",\"mainEntityOfPage\":{\"@id\":\"https:\\\/\\\/climateactionnetwork.ca\\\/fr\\\/la-conference-de-santa-marta-tire-a-sa-fin-mais-la-transition-vers-labandon-des-energies-fossiles-continue-sur-sa-lancee\\\/\"},\"wordCount\":1562,\"publisher\":{\"@id\":\"https:\\\/\\\/climateactionnetwork.ca\\\/#organization\"},\"image\":{\"@id\":\"https:\\\/\\\/climateactionnetwork.ca\\\/fr\\\/la-conference-de-santa-marta-tire-a-sa-fin-mais-la-transition-vers-labandon-des-energies-fossiles-continue-sur-sa-lancee\\\/#primaryimage\"},\"thumbnailUrl\":\"https:\\\/\\\/climateactionnetwork.ca\\\/wp-content\\\/uploads\\\/55236982965_71afe4fab9_o-scaled.jpg\",\"articleSection\":[\"Communiqu\u00e9 de presse\"],\"inLanguage\":\"fr-FR\"},{\"@type\":\"WebPage\",\"@id\":\"https:\\\/\\\/climateactionnetwork.ca\\\/fr\\\/la-conference-de-santa-marta-tire-a-sa-fin-mais-la-transition-vers-labandon-des-energies-fossiles-continue-sur-sa-lancee\\\/\",\"url\":\"https:\\\/\\\/climateactionnetwork.ca\\\/fr\\\/la-conference-de-santa-marta-tire-a-sa-fin-mais-la-transition-vers-labandon-des-energies-fossiles-continue-sur-sa-lancee\\\/\",\"name\":\"La conf\u00e9rence de Santa Marta tire \u00e0 sa fin, mais la transition vers l\u2019abandon des \u00e9nergies fossiles continue sur sa lanc\u00e9e - Climate Action Network Canada (CAN-Rac)\",\"isPartOf\":{\"@id\":\"https:\\\/\\\/climateactionnetwork.ca\\\/#website\"},\"primaryImageOfPage\":{\"@id\":\"https:\\\/\\\/climateactionnetwork.ca\\\/fr\\\/la-conference-de-santa-marta-tire-a-sa-fin-mais-la-transition-vers-labandon-des-energies-fossiles-continue-sur-sa-lancee\\\/#primaryimage\"},\"image\":{\"@id\":\"https:\\\/\\\/climateactionnetwork.ca\\\/fr\\\/la-conference-de-santa-marta-tire-a-sa-fin-mais-la-transition-vers-labandon-des-energies-fossiles-continue-sur-sa-lancee\\\/#primaryimage\"},\"thumbnailUrl\":\"https:\\\/\\\/climateactionnetwork.ca\\\/wp-content\\\/uploads\\\/55236982965_71afe4fab9_o-scaled.jpg\",\"datePublished\":\"2026-04-30T21:48:28+00:00\",\"dateModified\":\"2026-04-30T21:48:50+00:00\",\"breadcrumb\":{\"@id\":\"https:\\\/\\\/climateactionnetwork.ca\\\/fr\\\/la-conference-de-santa-marta-tire-a-sa-fin-mais-la-transition-vers-labandon-des-energies-fossiles-continue-sur-sa-lancee\\\/#breadcrumb\"},\"inLanguage\":\"fr-FR\",\"potentialAction\":[{\"@type\":\"ReadAction\",\"target\":[\"https:\\\/\\\/climateactionnetwork.ca\\\/fr\\\/la-conference-de-santa-marta-tire-a-sa-fin-mais-la-transition-vers-labandon-des-energies-fossiles-continue-sur-sa-lancee\\\/\"]}]},{\"@type\":\"ImageObject\",\"inLanguage\":\"fr-FR\",\"@id\":\"https:\\\/\\\/climateactionnetwork.ca\\\/fr\\\/la-conference-de-santa-marta-tire-a-sa-fin-mais-la-transition-vers-labandon-des-energies-fossiles-continue-sur-sa-lancee\\\/#primaryimage\",\"url\":\"https:\\\/\\\/climateactionnetwork.ca\\\/wp-content\\\/uploads\\\/55236982965_71afe4fab9_o-scaled.jpg\",\"contentUrl\":\"https:\\\/\\\/climateactionnetwork.ca\\\/wp-content\\\/uploads\\\/55236982965_71afe4fab9_o-scaled.jpg\",\"width\":2560,\"height\":1706},{\"@type\":\"BreadcrumbList\",\"@id\":\"https:\\\/\\\/climateactionnetwork.ca\\\/fr\\\/la-conference-de-santa-marta-tire-a-sa-fin-mais-la-transition-vers-labandon-des-energies-fossiles-continue-sur-sa-lancee\\\/#breadcrumb\",\"itemListElement\":[{\"@type\":\"ListItem\",\"position\":1,\"name\":\"Home\",\"item\":\"https:\\\/\\\/climateactionnetwork.ca\\\/fr\\\/\"},{\"@type\":\"ListItem\",\"position\":2,\"name\":\"La conf\u00e9rence de Santa Marta tire \u00e0 sa fin, mais la transition vers l\u2019abandon des \u00e9nergies fossiles continue sur sa lanc\u00e9e\"}]},{\"@type\":\"WebSite\",\"@id\":\"https:\\\/\\\/climateactionnetwork.ca\\\/#website\",\"url\":\"https:\\\/\\\/climateactionnetwork.ca\\\/\",\"name\":\"Climate Action Network Canada (CAN-Rac)\",\"description\":\"Climate Action Network Canada (CAN-Rac)\",\"publisher\":{\"@id\":\"https:\\\/\\\/climateactionnetwork.ca\\\/#organization\"},\"potentialAction\":[{\"@type\":\"SearchAction\",\"target\":{\"@type\":\"EntryPoint\",\"urlTemplate\":\"https:\\\/\\\/climateactionnetwork.ca\\\/?s={search_term_string}\"},\"query-input\":{\"@type\":\"PropertyValueSpecification\",\"valueRequired\":true,\"valueName\":\"search_term_string\"}}],\"inLanguage\":\"fr-FR\"},{\"@type\":\"Organization\",\"@id\":\"https:\\\/\\\/climateactionnetwork.ca\\\/#organization\",\"name\":\"Climate Action Network - R\u00e9seau action climat Canada\",\"alternateName\":\"CAN-Rac\",\"url\":\"https:\\\/\\\/climateactionnetwork.ca\\\/\",\"logo\":{\"@type\":\"ImageObject\",\"inLanguage\":\"fr-FR\",\"@id\":\"https:\\\/\\\/climateactionnetwork.ca\\\/#\\\/schema\\\/logo\\\/image\\\/\",\"url\":\"https:\\\/\\\/climateactionnetwork.ca\\\/wp-content\\\/uploads\\\/CAN-Rac-Canada-logo-cmyk-png-transparent.png\",\"contentUrl\":\"https:\\\/\\\/climateactionnetwork.ca\\\/wp-content\\\/uploads\\\/CAN-Rac-Canada-logo-cmyk-png-transparent.png\",\"width\":1181,\"height\":1181,\"caption\":\"Climate Action Network - R\u00e9seau action climat Canada\"},\"image\":{\"@id\":\"https:\\\/\\\/climateactionnetwork.ca\\\/#\\\/schema\\\/logo\\\/image\\\/\"},\"sameAs\":[\"https:\\\/\\\/www.facebook.com\\\/climate.action.network.canada\",\"https:\\\/\\\/x.com\\\/CANRacCanada\"]},{\"@type\":\"Person\",\"@id\":\"https:\\\/\\\/climateactionnetwork.ca\\\/#\\\/schema\\\/person\\\/69a7adf3db32e8b9964d3b7a04f1a69c\",\"name\":\"Audrey Robillard\",\"image\":{\"@type\":\"ImageObject\",\"inLanguage\":\"fr-FR\",\"@id\":\"https:\\\/\\\/secure.gravatar.com\\\/avatar\\\/ddbec3131e780c258997c0430ffe733e07b674ecb0a1500e0b8cac841e2ac970?s=96&d=mm&r=g\",\"url\":\"https:\\\/\\\/secure.gravatar.com\\\/avatar\\\/ddbec3131e780c258997c0430ffe733e07b674ecb0a1500e0b8cac841e2ac970?s=96&d=mm&r=g\",\"contentUrl\":\"https:\\\/\\\/secure.gravatar.com\\\/avatar\\\/ddbec3131e780c258997c0430ffe733e07b674ecb0a1500e0b8cac841e2ac970?s=96&d=mm&r=g\",\"caption\":\"Audrey Robillard\"},\"url\":\"https:\\\/\\\/climateactionnetwork.ca\\\/fr\\\/author\\\/can-rac\\\/\"}]}<\/script>\n<!-- \/ Yoast SEO plugin. -->","yoast_head_json":{"title":"La conf\u00e9rence de Santa Marta tire \u00e0 sa fin, mais la transition vers l\u2019abandon des \u00e9nergies fossiles continue sur sa lanc\u00e9e - Climate Action Network Canada (CAN-Rac)","robots":{"index":"index","follow":"follow","max-snippet":"max-snippet:-1","max-image-preview":"max-image-preview:large","max-video-preview":"max-video-preview:-1"},"canonical":"https:\/\/climateactionnetwork.ca\/fr\/la-conference-de-santa-marta-tire-a-sa-fin-mais-la-transition-vers-labandon-des-energies-fossiles-continue-sur-sa-lancee\/","og_locale":"fr_FR","og_type":"article","og_title":"La conf\u00e9rence de Santa Marta tire \u00e0 sa fin, mais la transition vers l\u2019abandon des \u00e9nergies fossiles continue sur sa lanc\u00e9e - Climate Action Network Canada (CAN-Rac)","og_url":"https:\/\/climateactionnetwork.ca\/fr\/la-conference-de-santa-marta-tire-a-sa-fin-mais-la-transition-vers-labandon-des-energies-fossiles-continue-sur-sa-lancee\/","og_site_name":"Climate Action Network Canada (CAN-Rac)","article_publisher":"https:\/\/www.facebook.com\/climate.action.network.canada","article_published_time":"2026-04-30T21:48:28+00:00","article_modified_time":"2026-04-30T21:48:50+00:00","og_image":[{"width":2560,"height":1706,"url":"https:\/\/climateactionnetwork.ca\/wp-content\/uploads\/55236982965_71afe4fab9_o-scaled.jpg","type":"image\/jpeg"}],"author":"Audrey Robillard","twitter_card":"summary_large_image","twitter_creator":"@CANRacCanada","twitter_site":"@CANRacCanada","twitter_misc":{"\u00c9crit par":"Audrey Robillard","Dur\u00e9e de lecture estim\u00e9e":"4 minutes"},"schema":{"@context":"https:\/\/schema.org","@graph":[{"@type":"Article","@id":"https:\/\/climateactionnetwork.ca\/fr\/la-conference-de-santa-marta-tire-a-sa-fin-mais-la-transition-vers-labandon-des-energies-fossiles-continue-sur-sa-lancee\/#article","isPartOf":{"@id":"https:\/\/climateactionnetwork.ca\/fr\/la-conference-de-santa-marta-tire-a-sa-fin-mais-la-transition-vers-labandon-des-energies-fossiles-continue-sur-sa-lancee\/"},"author":{"name":"Audrey Robillard","@id":"https:\/\/climateactionnetwork.ca\/#\/schema\/person\/69a7adf3db32e8b9964d3b7a04f1a69c"},"headline":"La conf\u00e9rence de Santa Marta tire \u00e0 sa fin, mais la transition vers l\u2019abandon des \u00e9nergies fossiles continue sur sa lanc\u00e9e","datePublished":"2026-04-30T21:48:28+00:00","dateModified":"2026-04-30T21:48:50+00:00","mainEntityOfPage":{"@id":"https:\/\/climateactionnetwork.ca\/fr\/la-conference-de-santa-marta-tire-a-sa-fin-mais-la-transition-vers-labandon-des-energies-fossiles-continue-sur-sa-lancee\/"},"wordCount":1562,"publisher":{"@id":"https:\/\/climateactionnetwork.ca\/#organization"},"image":{"@id":"https:\/\/climateactionnetwork.ca\/fr\/la-conference-de-santa-marta-tire-a-sa-fin-mais-la-transition-vers-labandon-des-energies-fossiles-continue-sur-sa-lancee\/#primaryimage"},"thumbnailUrl":"https:\/\/climateactionnetwork.ca\/wp-content\/uploads\/55236982965_71afe4fab9_o-scaled.jpg","articleSection":["Communiqu\u00e9 de presse"],"inLanguage":"fr-FR"},{"@type":"WebPage","@id":"https:\/\/climateactionnetwork.ca\/fr\/la-conference-de-santa-marta-tire-a-sa-fin-mais-la-transition-vers-labandon-des-energies-fossiles-continue-sur-sa-lancee\/","url":"https:\/\/climateactionnetwork.ca\/fr\/la-conference-de-santa-marta-tire-a-sa-fin-mais-la-transition-vers-labandon-des-energies-fossiles-continue-sur-sa-lancee\/","name":"La conf\u00e9rence de Santa Marta tire \u00e0 sa fin, mais la transition vers l\u2019abandon des \u00e9nergies fossiles continue sur sa lanc\u00e9e - Climate Action Network Canada (CAN-Rac)","isPartOf":{"@id":"https:\/\/climateactionnetwork.ca\/#website"},"primaryImageOfPage":{"@id":"https:\/\/climateactionnetwork.ca\/fr\/la-conference-de-santa-marta-tire-a-sa-fin-mais-la-transition-vers-labandon-des-energies-fossiles-continue-sur-sa-lancee\/#primaryimage"},"image":{"@id":"https:\/\/climateactionnetwork.ca\/fr\/la-conference-de-santa-marta-tire-a-sa-fin-mais-la-transition-vers-labandon-des-energies-fossiles-continue-sur-sa-lancee\/#primaryimage"},"thumbnailUrl":"https:\/\/climateactionnetwork.ca\/wp-content\/uploads\/55236982965_71afe4fab9_o-scaled.jpg","datePublished":"2026-04-30T21:48:28+00:00","dateModified":"2026-04-30T21:48:50+00:00","breadcrumb":{"@id":"https:\/\/climateactionnetwork.ca\/fr\/la-conference-de-santa-marta-tire-a-sa-fin-mais-la-transition-vers-labandon-des-energies-fossiles-continue-sur-sa-lancee\/#breadcrumb"},"inLanguage":"fr-FR","potentialAction":[{"@type":"ReadAction","target":["https:\/\/climateactionnetwork.ca\/fr\/la-conference-de-santa-marta-tire-a-sa-fin-mais-la-transition-vers-labandon-des-energies-fossiles-continue-sur-sa-lancee\/"]}]},{"@type":"ImageObject","inLanguage":"fr-FR","@id":"https:\/\/climateactionnetwork.ca\/fr\/la-conference-de-santa-marta-tire-a-sa-fin-mais-la-transition-vers-labandon-des-energies-fossiles-continue-sur-sa-lancee\/#primaryimage","url":"https:\/\/climateactionnetwork.ca\/wp-content\/uploads\/55236982965_71afe4fab9_o-scaled.jpg","contentUrl":"https:\/\/climateactionnetwork.ca\/wp-content\/uploads\/55236982965_71afe4fab9_o-scaled.jpg","width":2560,"height":1706},{"@type":"BreadcrumbList","@id":"https:\/\/climateactionnetwork.ca\/fr\/la-conference-de-santa-marta-tire-a-sa-fin-mais-la-transition-vers-labandon-des-energies-fossiles-continue-sur-sa-lancee\/#breadcrumb","itemListElement":[{"@type":"ListItem","position":1,"name":"Home","item":"https:\/\/climateactionnetwork.ca\/fr\/"},{"@type":"ListItem","position":2,"name":"La conf\u00e9rence de Santa Marta tire \u00e0 sa fin, mais la transition vers l\u2019abandon des \u00e9nergies fossiles continue sur sa lanc\u00e9e"}]},{"@type":"WebSite","@id":"https:\/\/climateactionnetwork.ca\/#website","url":"https:\/\/climateactionnetwork.ca\/","name":"Climate Action Network Canada (CAN-Rac)","description":"Climate Action Network Canada (CAN-Rac)","publisher":{"@id":"https:\/\/climateactionnetwork.ca\/#organization"},"potentialAction":[{"@type":"SearchAction","target":{"@type":"EntryPoint","urlTemplate":"https:\/\/climateactionnetwork.ca\/?s={search_term_string}"},"query-input":{"@type":"PropertyValueSpecification","valueRequired":true,"valueName":"search_term_string"}}],"inLanguage":"fr-FR"},{"@type":"Organization","@id":"https:\/\/climateactionnetwork.ca\/#organization","name":"Climate Action Network - R\u00e9seau action climat Canada","alternateName":"CAN-Rac","url":"https:\/\/climateactionnetwork.ca\/","logo":{"@type":"ImageObject","inLanguage":"fr-FR","@id":"https:\/\/climateactionnetwork.ca\/#\/schema\/logo\/image\/","url":"https:\/\/climateactionnetwork.ca\/wp-content\/uploads\/CAN-Rac-Canada-logo-cmyk-png-transparent.png","contentUrl":"https:\/\/climateactionnetwork.ca\/wp-content\/uploads\/CAN-Rac-Canada-logo-cmyk-png-transparent.png","width":1181,"height":1181,"caption":"Climate Action Network - R\u00e9seau action climat Canada"},"image":{"@id":"https:\/\/climateactionnetwork.ca\/#\/schema\/logo\/image\/"},"sameAs":["https:\/\/www.facebook.com\/climate.action.network.canada","https:\/\/x.com\/CANRacCanada"]},{"@type":"Person","@id":"https:\/\/climateactionnetwork.ca\/#\/schema\/person\/69a7adf3db32e8b9964d3b7a04f1a69c","name":"Audrey Robillard","image":{"@type":"ImageObject","inLanguage":"fr-FR","@id":"https:\/\/secure.gravatar.com\/avatar\/ddbec3131e780c258997c0430ffe733e07b674ecb0a1500e0b8cac841e2ac970?s=96&d=mm&r=g","url":"https:\/\/secure.gravatar.com\/avatar\/ddbec3131e780c258997c0430ffe733e07b674ecb0a1500e0b8cac841e2ac970?s=96&d=mm&r=g","contentUrl":"https:\/\/secure.gravatar.com\/avatar\/ddbec3131e780c258997c0430ffe733e07b674ecb0a1500e0b8cac841e2ac970?s=96&d=mm&r=g","caption":"Audrey Robillard"},"url":"https:\/\/climateactionnetwork.ca\/fr\/author\/can-rac\/"}]}},"_links":{"self":[{"href":"https:\/\/climateactionnetwork.ca\/fr\/wp-json\/wp\/v2\/posts\/50665","targetHints":{"allow":["GET"]}}],"collection":[{"href":"https:\/\/climateactionnetwork.ca\/fr\/wp-json\/wp\/v2\/posts"}],"about":[{"href":"https:\/\/climateactionnetwork.ca\/fr\/wp-json\/wp\/v2\/types\/post"}],"author":[{"embeddable":true,"href":"https:\/\/climateactionnetwork.ca\/fr\/wp-json\/wp\/v2\/users\/23"}],"replies":[{"embeddable":true,"href":"https:\/\/climateactionnetwork.ca\/fr\/wp-json\/wp\/v2\/comments?post=50665"}],"version-history":[{"count":3,"href":"https:\/\/climateactionnetwork.ca\/fr\/wp-json\/wp\/v2\/posts\/50665\/revisions"}],"predecessor-version":[{"id":50669,"href":"https:\/\/climateactionnetwork.ca\/fr\/wp-json\/wp\/v2\/posts\/50665\/revisions\/50669"}],"wp:featuredmedia":[{"embeddable":true,"href":"https:\/\/climateactionnetwork.ca\/fr\/wp-json\/wp\/v2\/media\/50663"}],"wp:attachment":[{"href":"https:\/\/climateactionnetwork.ca\/fr\/wp-json\/wp\/v2\/media?parent=50665"}],"wp:term":[{"taxonomy":"category","embeddable":true,"href":"https:\/\/climateactionnetwork.ca\/fr\/wp-json\/wp\/v2\/categories?post=50665"},{"taxonomy":"post_tag","embeddable":true,"href":"https:\/\/climateactionnetwork.ca\/fr\/wp-json\/wp\/v2\/tags?post=50665"}],"curies":[{"name":"wp","href":"https:\/\/api.w.org\/{rel}","templated":true}]}}