{"id":50650,"date":"2026-04-28T18:10:05","date_gmt":"2026-04-28T22:10:05","guid":{"rendered":"https:\/\/climateactionnetwork.ca\/?p=50650"},"modified":"2026-04-28T18:14:10","modified_gmt":"2026-04-28T22:14:10","slug":"le-reseau-action-climat-canada-reagit-a-la-mise-a-jour-economique-du-printemps","status":"publish","type":"post","link":"https:\/\/climateactionnetwork.ca\/fr\/le-reseau-action-climat-canada-reagit-a-la-mise-a-jour-economique-du-printemps\/","title":{"rendered":"Le R\u00e9seau action climat Canada r\u00e9agit \u00e0 la mise \u00e0 jour \u00e9conomique du printemps"},"content":{"rendered":"<div class=\"fusion-fullwidth fullwidth-box fusion-builder-row-1 fusion-flex-container has-pattern-background has-mask-background nonhundred-percent-fullwidth non-hundred-percent-height-scrolling\" style=\"background-color: rgba(255,255,255,0);background-position: center center;background-repeat: no-repeat;border-width: 0px 0px 0px 0px;border-color:var(--awb-color3);border-style:solid;\" ><div class=\"fusion-builder-row fusion-row fusion-flex-align-items-flex-start\" style=\"max-width:1352px;margin-left: calc(-4% \/ 2 );margin-right: calc(-4% \/ 2 );\"><div class=\"fusion-layout-column fusion_builder_column fusion-builder-column-0 fusion_builder_column_1_1 1_1 fusion-flex-column\"><div class=\"fusion-column-wrapper fusion-flex-justify-content-flex-start fusion-content-layout-column\" style=\"background-position:left top;background-repeat:no-repeat;-webkit-background-size:cover;-moz-background-size:cover;-o-background-size:cover;background-size:cover;padding: 0px 0px 0px 0px;\"><div class=\"fusion-text fusion-text-1\"><p><b>Territoires non c\u00e9d\u00e9s de la Nation algonquine Anishinaabe [OTTAWA], 28 avril 2026 :<\/b><\/p>\n<p><span style=\"font-weight: 400;\">\u00c0 l&rsquo;issue de la <a href=\"https:\/\/www.canada.ca\/fr\/ministere-finances\/nouvelles\/2026\/04\/mise-a-jour-economique-du-printemps-de-2026--principales-mesures.html\">d\u00e9claration \u00e9conomique du printemps<\/a> pr\u00e9sent\u00e9e aujourd&rsquo;hui, <\/span><b>Caroline Brouillette, directrice ex\u00e9cutive du R\u00e9seau action climat Canada<\/b><b>,<\/b><span style=\"font-weight: 400;\"> a publi\u00e9 la d\u00e9claration suivante :<\/span><\/p>\n<blockquote>\n<p><span style=\"font-weight: 400;\">\u00ab Les victoires en mati\u00e8re d\u2019action climatique sont rares ces derniers temps, mais le renouvellement et le renforcement de l\u2019engagement en finance climatique du Canada m\u00e9ritent d\u2019\u00eatre salu\u00e9s. Alors que d\u2019autres pays imposent des coupes budg\u00e9taires s\u00e9v\u00e8res, cette initiative t\u00e9moigne de l\u2019approche \u00e0 la fois pragmatique et fond\u00e9e sur des principes de relations internationales que le premier ministre Carney a pr\u00f4n\u00e9s \u00e0 Davos. Elle montre \u00e9galement que le Canada reste fid\u00e8le \u00e0 son engagement envers l\u2019Accord de Paris de fournir un financement pour la lutte contre les changements climatiques et confirme que la coop\u00e9ration internationale est dans l\u2019int\u00e9r\u00eat du Canada.<\/span><\/p>\n<p><span style=\"font-weight: 400;\">\u00ab Notre r\u00e9seau est pr\u00eat \u00e0 collaborer avec le gouvernement pour d\u00e9finir les d\u00e9tails de cet engagement et veiller \u00e0 ce qu\u2019il se traduise par un financement accessible, transparent et sous forme de dons qui r\u00e9pond aux besoins de nos partenaires des pays du Sud.\u00a0<\/span><\/p>\n<p><span style=\"font-weight: 400;\">\u00ab Tout dans la mise \u00e0 jour \u00e9conomique du printemps n\u2019est pas forc\u00e9ment une bonne nouvelle pour le climat : les incitations fiscales pour la r\u00e9cup\u00e9ration assist\u00e9e du p\u00e9trole et le GNL manquent compl\u00e8tement le bateau. Au milieu des rumeurs croissantes selon lesquelles le gouvernement f\u00e9d\u00e9ral s\u2019appr\u00eaterait \u00e0 investir des fonds publics dans un pipeline, nous craignons fortement que le nouveau fonds souverain ne soit qu\u2019une nouvelle aide financi\u00e8re \u00e0 peine voil\u00e9e accord\u00e9e \u00e0 l\u2019industrie p\u00e9troli\u00e8re et gazi\u00e8re.<\/span><\/p>\n<p><span style=\"font-weight: 400;\">\u00ab Alors que les compagnies p\u00e9troli\u00e8res et gazi\u00e8res empochent des profits \u00e9normes gr\u00e2ce \u00e0 la hausse des prix des carburants, ces nouvelles subventions aux \u00e9nergies fossiles sont une v\u00e9ritable trahison envers les Canadiens et Canadiennes aux prises avec des difficult\u00e9s financi\u00e8res et la flamb\u00e9e des co\u00fbts li\u00e9s aux catastrophes climatiques.<\/span><\/p>\n<p><span style=\"font-weight: 400;\">\u00ab Pendant ce temps, nous attendons toujours une strat\u00e9gie sur l\u2019\u00e9lectricit\u00e9 qui garantirait un r\u00e9seau \u00e9lectrique nouveau et am\u00e9lior\u00e9. Le p\u00e9trole et le gaz b\u00e9n\u00e9ficient de mesures et d\u2019argent sur la table; l\u2019am\u00e9lioration des r\u00e9seaux \u00e9lectriques, quant \u00e0 elle, n\u2019obtient que des d\u00e9lais et des rapports. \u00bb<\/span><\/p>\n<\/blockquote>\n<p><span style=\"font-weight: 400;\">Une analyse plus approfondie et des r\u00e9actions sur ce nouvel engagement en finance climatique par les membres du R\u00e9seau action climat Canada et de la Coalition canadienne pour les changements climatiques et le d\u00e9veloppement seront publi\u00e9es dans les prochains jours. <\/span><\/p>\n<p style=\"text-align: center;\"><span style=\"font-weight: 400;\">-30-<\/span><\/p>\n<p><b><i>Climate Action Network \u2013 R\u00e9seau action climat (CAN-Rac) Canada <\/i><\/b><i><span style=\"font-weight: 400;\">est le plus vaste r\u00e9seau d\u2019organisations travaillant sur les questions li\u00e9es aux changements climatiques et \u00e0 l\u2019\u00e9nergie au Canada. Il s\u2019agit d\u2019une coalition de pr\u00e8s de 200 organisations op\u00e9rant d\u2019un oc\u00e9an \u00e0 l\u2019autre. Nos membres rassemblent des groupes environnementaux, des syndicats, des Premi\u00e8res Nations, des organisations de justice sociale, de d\u00e9veloppement, de sant\u00e9 et de jeunesse, des groupes religieux et des initiatives locales.<\/span><\/i><\/p>\n<p><b>Pour plus d\u2019informations ou pour organiser une entrevue, contactez :<\/b><\/p>\n<p><span style=\"font-weight: 400;\">Audrey Robillard, Coordonnatrice des communications bilingues<br \/>\n<\/span><a href=\"mailto:audreyrobillard@climateactionnetwork.ca\"><span style=\"font-weight: 400;\">audreyrobillard@climateactionnetwork.ca<\/span><\/a><span style=\"font-weight: 400;\">\u00a0 <\/span><\/p>\n<\/div><\/div><style type=\"text\/css\">.fusion-body .fusion-builder-column-0{width:100% !important;margin-top : 0px;margin-bottom : 20px;}.fusion-builder-column-0 > .fusion-column-wrapper {padding-top : 0px !important;padding-right : 0px !important;margin-right : 1.92%;padding-bottom : 0px !important;padding-left : 0px !important;margin-left : 1.92%;}@media only screen and (max-width:1024px) {.fusion-body .fusion-builder-column-0{width:100% !important;order : 0;}.fusion-builder-column-0 > .fusion-column-wrapper {margin-right : 1.92%;margin-left : 1.92%;}}@media only screen and (max-width:800px) {.fusion-body .fusion-builder-column-0{width:100% !important;order : 0;}.fusion-builder-column-0 > .fusion-column-wrapper {margin-right : 1.92%;margin-left : 1.92%;}}<\/style><\/div><\/div><style type=\"text\/css\">.fusion-body .fusion-flex-container.fusion-builder-row-1{ padding-top : 0px;margin-top : 0px;padding-right : 0px;padding-bottom : 0px;margin-bottom : 0px;padding-left : 0px;}<\/style><\/div>\n","protected":false},"excerpt":{"rendered":"","protected":false},"author":23,"featured_media":50646,"comment_status":"closed","ping_status":"closed","sticky":false,"template":"","format":"standard","meta":{"inline_featured_image":false,"footnotes":"","_wp_rev_ctl_limit":""},"categories":[64],"tags":[],"class_list":["post-50650","post","type-post","status-publish","format-standard","has-post-thumbnail","hentry","category-press-release-fr"],"acf":[],"yoast_head":"<!-- This site is optimized with the Yoast SEO plugin v27.3 - https:\/\/yoast.com\/product\/yoast-seo-wordpress\/ -->\n<title>Le R\u00e9seau action climat Canada r\u00e9agit \u00e0 la mise \u00e0 jour \u00e9conomique du printemps - Climate Action Network Canada (CAN-Rac)<\/title>\n<meta name=\"robots\" content=\"index, follow, max-snippet:-1, max-image-preview:large, max-video-preview:-1\" \/>\n<link rel=\"canonical\" href=\"https:\/\/climateactionnetwork.ca\/fr\/le-reseau-action-climat-canada-reagit-a-la-mise-a-jour-economique-du-printemps\/\" \/>\n<meta property=\"og:locale\" content=\"fr_FR\" \/>\n<meta property=\"og:type\" content=\"article\" \/>\n<meta property=\"og:title\" content=\"Le R\u00e9seau action climat Canada r\u00e9agit \u00e0 la mise \u00e0 jour \u00e9conomique du printemps - Climate Action Network Canada (CAN-Rac)\" \/>\n<meta property=\"og:url\" content=\"https:\/\/climateactionnetwork.ca\/fr\/le-reseau-action-climat-canada-reagit-a-la-mise-a-jour-economique-du-printemps\/\" \/>\n<meta property=\"og:site_name\" content=\"Climate Action Network Canada (CAN-Rac)\" \/>\n<meta property=\"article:publisher\" content=\"https:\/\/www.facebook.com\/climate.action.network.canada\" \/>\n<meta property=\"article:published_time\" content=\"2026-04-28T22:10:05+00:00\" \/>\n<meta property=\"article:modified_time\" content=\"2026-04-28T22:14:10+00:00\" \/>\n<meta property=\"og:image\" content=\"https:\/\/climateactionnetwork.ca\/wp-content\/uploads\/Parliament-6-_-Canva-Pro.jpg\" \/>\n\t<meta property=\"og:image:width\" content=\"1800\" \/>\n\t<meta property=\"og:image:height\" content=\"900\" \/>\n\t<meta property=\"og:image:type\" content=\"image\/jpeg\" \/>\n<meta name=\"author\" content=\"Audrey Robillard\" \/>\n<meta name=\"twitter:card\" content=\"summary_large_image\" \/>\n<meta name=\"twitter:creator\" content=\"@CANRacCanada\" \/>\n<meta name=\"twitter:site\" content=\"@CANRacCanada\" \/>\n<meta name=\"twitter:label1\" content=\"\u00c9crit par\" \/>\n\t<meta name=\"twitter:data1\" content=\"Audrey Robillard\" \/>\n\t<meta name=\"twitter:label2\" content=\"Dur\u00e9e de lecture estim\u00e9e\" \/>\n\t<meta name=\"twitter:data2\" content=\"3 minutes\" \/>\n<script type=\"application\/ld+json\" class=\"yoast-schema-graph\">{\"@context\":\"https:\\\/\\\/schema.org\",\"@graph\":[{\"@type\":\"Article\",\"@id\":\"https:\\\/\\\/climateactionnetwork.ca\\\/fr\\\/le-reseau-action-climat-canada-reagit-a-la-mise-a-jour-economique-du-printemps\\\/#article\",\"isPartOf\":{\"@id\":\"https:\\\/\\\/climateactionnetwork.ca\\\/fr\\\/le-reseau-action-climat-canada-reagit-a-la-mise-a-jour-economique-du-printemps\\\/\"},\"author\":{\"name\":\"Audrey Robillard\",\"@id\":\"https:\\\/\\\/climateactionnetwork.ca\\\/#\\\/schema\\\/person\\\/69a7adf3db32e8b9964d3b7a04f1a69c\"},\"headline\":\"Le R\u00e9seau action climat Canada r\u00e9agit \u00e0 la mise \u00e0 jour \u00e9conomique du printemps\",\"datePublished\":\"2026-04-28T22:10:05+00:00\",\"dateModified\":\"2026-04-28T22:14:10+00:00\",\"mainEntityOfPage\":{\"@id\":\"https:\\\/\\\/climateactionnetwork.ca\\\/fr\\\/le-reseau-action-climat-canada-reagit-a-la-mise-a-jour-economique-du-printemps\\\/\"},\"wordCount\":1327,\"publisher\":{\"@id\":\"https:\\\/\\\/climateactionnetwork.ca\\\/#organization\"},\"image\":{\"@id\":\"https:\\\/\\\/climateactionnetwork.ca\\\/fr\\\/le-reseau-action-climat-canada-reagit-a-la-mise-a-jour-economique-du-printemps\\\/#primaryimage\"},\"thumbnailUrl\":\"https:\\\/\\\/climateactionnetwork.ca\\\/wp-content\\\/uploads\\\/Parliament-6-_-Canva-Pro.jpg\",\"articleSection\":[\"Communiqu\u00e9 de presse\"],\"inLanguage\":\"fr-FR\"},{\"@type\":\"WebPage\",\"@id\":\"https:\\\/\\\/climateactionnetwork.ca\\\/fr\\\/le-reseau-action-climat-canada-reagit-a-la-mise-a-jour-economique-du-printemps\\\/\",\"url\":\"https:\\\/\\\/climateactionnetwork.ca\\\/fr\\\/le-reseau-action-climat-canada-reagit-a-la-mise-a-jour-economique-du-printemps\\\/\",\"name\":\"Le R\u00e9seau action climat Canada r\u00e9agit \u00e0 la mise \u00e0 jour \u00e9conomique du printemps - Climate Action Network Canada (CAN-Rac)\",\"isPartOf\":{\"@id\":\"https:\\\/\\\/climateactionnetwork.ca\\\/#website\"},\"primaryImageOfPage\":{\"@id\":\"https:\\\/\\\/climateactionnetwork.ca\\\/fr\\\/le-reseau-action-climat-canada-reagit-a-la-mise-a-jour-economique-du-printemps\\\/#primaryimage\"},\"image\":{\"@id\":\"https:\\\/\\\/climateactionnetwork.ca\\\/fr\\\/le-reseau-action-climat-canada-reagit-a-la-mise-a-jour-economique-du-printemps\\\/#primaryimage\"},\"thumbnailUrl\":\"https:\\\/\\\/climateactionnetwork.ca\\\/wp-content\\\/uploads\\\/Parliament-6-_-Canva-Pro.jpg\",\"datePublished\":\"2026-04-28T22:10:05+00:00\",\"dateModified\":\"2026-04-28T22:14:10+00:00\",\"breadcrumb\":{\"@id\":\"https:\\\/\\\/climateactionnetwork.ca\\\/fr\\\/le-reseau-action-climat-canada-reagit-a-la-mise-a-jour-economique-du-printemps\\\/#breadcrumb\"},\"inLanguage\":\"fr-FR\",\"potentialAction\":[{\"@type\":\"ReadAction\",\"target\":[\"https:\\\/\\\/climateactionnetwork.ca\\\/fr\\\/le-reseau-action-climat-canada-reagit-a-la-mise-a-jour-economique-du-printemps\\\/\"]}]},{\"@type\":\"ImageObject\",\"inLanguage\":\"fr-FR\",\"@id\":\"https:\\\/\\\/climateactionnetwork.ca\\\/fr\\\/le-reseau-action-climat-canada-reagit-a-la-mise-a-jour-economique-du-printemps\\\/#primaryimage\",\"url\":\"https:\\\/\\\/climateactionnetwork.ca\\\/wp-content\\\/uploads\\\/Parliament-6-_-Canva-Pro.jpg\",\"contentUrl\":\"https:\\\/\\\/climateactionnetwork.ca\\\/wp-content\\\/uploads\\\/Parliament-6-_-Canva-Pro.jpg\",\"width\":1800,\"height\":900},{\"@type\":\"BreadcrumbList\",\"@id\":\"https:\\\/\\\/climateactionnetwork.ca\\\/fr\\\/le-reseau-action-climat-canada-reagit-a-la-mise-a-jour-economique-du-printemps\\\/#breadcrumb\",\"itemListElement\":[{\"@type\":\"ListItem\",\"position\":1,\"name\":\"Home\",\"item\":\"https:\\\/\\\/climateactionnetwork.ca\\\/fr\\\/\"},{\"@type\":\"ListItem\",\"position\":2,\"name\":\"Le R\u00e9seau action climat Canada r\u00e9agit \u00e0 la mise \u00e0 jour \u00e9conomique du printemps\"}]},{\"@type\":\"WebSite\",\"@id\":\"https:\\\/\\\/climateactionnetwork.ca\\\/#website\",\"url\":\"https:\\\/\\\/climateactionnetwork.ca\\\/\",\"name\":\"Climate Action Network Canada (CAN-Rac)\",\"description\":\"Climate Action Network Canada (CAN-Rac)\",\"publisher\":{\"@id\":\"https:\\\/\\\/climateactionnetwork.ca\\\/#organization\"},\"potentialAction\":[{\"@type\":\"SearchAction\",\"target\":{\"@type\":\"EntryPoint\",\"urlTemplate\":\"https:\\\/\\\/climateactionnetwork.ca\\\/?s={search_term_string}\"},\"query-input\":{\"@type\":\"PropertyValueSpecification\",\"valueRequired\":true,\"valueName\":\"search_term_string\"}}],\"inLanguage\":\"fr-FR\"},{\"@type\":\"Organization\",\"@id\":\"https:\\\/\\\/climateactionnetwork.ca\\\/#organization\",\"name\":\"Climate Action Network - R\u00e9seau action climat Canada\",\"alternateName\":\"CAN-Rac\",\"url\":\"https:\\\/\\\/climateactionnetwork.ca\\\/\",\"logo\":{\"@type\":\"ImageObject\",\"inLanguage\":\"fr-FR\",\"@id\":\"https:\\\/\\\/climateactionnetwork.ca\\\/#\\\/schema\\\/logo\\\/image\\\/\",\"url\":\"https:\\\/\\\/climateactionnetwork.ca\\\/wp-content\\\/uploads\\\/CAN-Rac-Canada-logo-cmyk-png-transparent.png\",\"contentUrl\":\"https:\\\/\\\/climateactionnetwork.ca\\\/wp-content\\\/uploads\\\/CAN-Rac-Canada-logo-cmyk-png-transparent.png\",\"width\":1181,\"height\":1181,\"caption\":\"Climate Action Network - R\u00e9seau action climat Canada\"},\"image\":{\"@id\":\"https:\\\/\\\/climateactionnetwork.ca\\\/#\\\/schema\\\/logo\\\/image\\\/\"},\"sameAs\":[\"https:\\\/\\\/www.facebook.com\\\/climate.action.network.canada\",\"https:\\\/\\\/x.com\\\/CANRacCanada\"]},{\"@type\":\"Person\",\"@id\":\"https:\\\/\\\/climateactionnetwork.ca\\\/#\\\/schema\\\/person\\\/69a7adf3db32e8b9964d3b7a04f1a69c\",\"name\":\"Audrey Robillard\",\"image\":{\"@type\":\"ImageObject\",\"inLanguage\":\"fr-FR\",\"@id\":\"https:\\\/\\\/secure.gravatar.com\\\/avatar\\\/ddbec3131e780c258997c0430ffe733e07b674ecb0a1500e0b8cac841e2ac970?s=96&d=mm&r=g\",\"url\":\"https:\\\/\\\/secure.gravatar.com\\\/avatar\\\/ddbec3131e780c258997c0430ffe733e07b674ecb0a1500e0b8cac841e2ac970?s=96&d=mm&r=g\",\"contentUrl\":\"https:\\\/\\\/secure.gravatar.com\\\/avatar\\\/ddbec3131e780c258997c0430ffe733e07b674ecb0a1500e0b8cac841e2ac970?s=96&d=mm&r=g\",\"caption\":\"Audrey Robillard\"},\"url\":\"https:\\\/\\\/climateactionnetwork.ca\\\/fr\\\/author\\\/can-rac\\\/\"}]}<\/script>\n<!-- \/ Yoast SEO plugin. -->","yoast_head_json":{"title":"Le R\u00e9seau action climat Canada r\u00e9agit \u00e0 la mise \u00e0 jour \u00e9conomique du printemps - Climate Action Network Canada (CAN-Rac)","robots":{"index":"index","follow":"follow","max-snippet":"max-snippet:-1","max-image-preview":"max-image-preview:large","max-video-preview":"max-video-preview:-1"},"canonical":"https:\/\/climateactionnetwork.ca\/fr\/le-reseau-action-climat-canada-reagit-a-la-mise-a-jour-economique-du-printemps\/","og_locale":"fr_FR","og_type":"article","og_title":"Le R\u00e9seau action climat Canada r\u00e9agit \u00e0 la mise \u00e0 jour \u00e9conomique du printemps - Climate Action Network Canada (CAN-Rac)","og_url":"https:\/\/climateactionnetwork.ca\/fr\/le-reseau-action-climat-canada-reagit-a-la-mise-a-jour-economique-du-printemps\/","og_site_name":"Climate Action Network Canada (CAN-Rac)","article_publisher":"https:\/\/www.facebook.com\/climate.action.network.canada","article_published_time":"2026-04-28T22:10:05+00:00","article_modified_time":"2026-04-28T22:14:10+00:00","og_image":[{"width":1800,"height":900,"url":"https:\/\/climateactionnetwork.ca\/wp-content\/uploads\/Parliament-6-_-Canva-Pro.jpg","type":"image\/jpeg"}],"author":"Audrey Robillard","twitter_card":"summary_large_image","twitter_creator":"@CANRacCanada","twitter_site":"@CANRacCanada","twitter_misc":{"\u00c9crit par":"Audrey Robillard","Dur\u00e9e de lecture estim\u00e9e":"3 minutes"},"schema":{"@context":"https:\/\/schema.org","@graph":[{"@type":"Article","@id":"https:\/\/climateactionnetwork.ca\/fr\/le-reseau-action-climat-canada-reagit-a-la-mise-a-jour-economique-du-printemps\/#article","isPartOf":{"@id":"https:\/\/climateactionnetwork.ca\/fr\/le-reseau-action-climat-canada-reagit-a-la-mise-a-jour-economique-du-printemps\/"},"author":{"name":"Audrey Robillard","@id":"https:\/\/climateactionnetwork.ca\/#\/schema\/person\/69a7adf3db32e8b9964d3b7a04f1a69c"},"headline":"Le R\u00e9seau action climat Canada r\u00e9agit \u00e0 la mise \u00e0 jour \u00e9conomique du printemps","datePublished":"2026-04-28T22:10:05+00:00","dateModified":"2026-04-28T22:14:10+00:00","mainEntityOfPage":{"@id":"https:\/\/climateactionnetwork.ca\/fr\/le-reseau-action-climat-canada-reagit-a-la-mise-a-jour-economique-du-printemps\/"},"wordCount":1327,"publisher":{"@id":"https:\/\/climateactionnetwork.ca\/#organization"},"image":{"@id":"https:\/\/climateactionnetwork.ca\/fr\/le-reseau-action-climat-canada-reagit-a-la-mise-a-jour-economique-du-printemps\/#primaryimage"},"thumbnailUrl":"https:\/\/climateactionnetwork.ca\/wp-content\/uploads\/Parliament-6-_-Canva-Pro.jpg","articleSection":["Communiqu\u00e9 de presse"],"inLanguage":"fr-FR"},{"@type":"WebPage","@id":"https:\/\/climateactionnetwork.ca\/fr\/le-reseau-action-climat-canada-reagit-a-la-mise-a-jour-economique-du-printemps\/","url":"https:\/\/climateactionnetwork.ca\/fr\/le-reseau-action-climat-canada-reagit-a-la-mise-a-jour-economique-du-printemps\/","name":"Le R\u00e9seau action climat Canada r\u00e9agit \u00e0 la mise \u00e0 jour \u00e9conomique du printemps - Climate Action Network Canada (CAN-Rac)","isPartOf":{"@id":"https:\/\/climateactionnetwork.ca\/#website"},"primaryImageOfPage":{"@id":"https:\/\/climateactionnetwork.ca\/fr\/le-reseau-action-climat-canada-reagit-a-la-mise-a-jour-economique-du-printemps\/#primaryimage"},"image":{"@id":"https:\/\/climateactionnetwork.ca\/fr\/le-reseau-action-climat-canada-reagit-a-la-mise-a-jour-economique-du-printemps\/#primaryimage"},"thumbnailUrl":"https:\/\/climateactionnetwork.ca\/wp-content\/uploads\/Parliament-6-_-Canva-Pro.jpg","datePublished":"2026-04-28T22:10:05+00:00","dateModified":"2026-04-28T22:14:10+00:00","breadcrumb":{"@id":"https:\/\/climateactionnetwork.ca\/fr\/le-reseau-action-climat-canada-reagit-a-la-mise-a-jour-economique-du-printemps\/#breadcrumb"},"inLanguage":"fr-FR","potentialAction":[{"@type":"ReadAction","target":["https:\/\/climateactionnetwork.ca\/fr\/le-reseau-action-climat-canada-reagit-a-la-mise-a-jour-economique-du-printemps\/"]}]},{"@type":"ImageObject","inLanguage":"fr-FR","@id":"https:\/\/climateactionnetwork.ca\/fr\/le-reseau-action-climat-canada-reagit-a-la-mise-a-jour-economique-du-printemps\/#primaryimage","url":"https:\/\/climateactionnetwork.ca\/wp-content\/uploads\/Parliament-6-_-Canva-Pro.jpg","contentUrl":"https:\/\/climateactionnetwork.ca\/wp-content\/uploads\/Parliament-6-_-Canva-Pro.jpg","width":1800,"height":900},{"@type":"BreadcrumbList","@id":"https:\/\/climateactionnetwork.ca\/fr\/le-reseau-action-climat-canada-reagit-a-la-mise-a-jour-economique-du-printemps\/#breadcrumb","itemListElement":[{"@type":"ListItem","position":1,"name":"Home","item":"https:\/\/climateactionnetwork.ca\/fr\/"},{"@type":"ListItem","position":2,"name":"Le R\u00e9seau action climat Canada r\u00e9agit \u00e0 la mise \u00e0 jour \u00e9conomique du printemps"}]},{"@type":"WebSite","@id":"https:\/\/climateactionnetwork.ca\/#website","url":"https:\/\/climateactionnetwork.ca\/","name":"Climate Action Network Canada (CAN-Rac)","description":"Climate Action Network Canada (CAN-Rac)","publisher":{"@id":"https:\/\/climateactionnetwork.ca\/#organization"},"potentialAction":[{"@type":"SearchAction","target":{"@type":"EntryPoint","urlTemplate":"https:\/\/climateactionnetwork.ca\/?s={search_term_string}"},"query-input":{"@type":"PropertyValueSpecification","valueRequired":true,"valueName":"search_term_string"}}],"inLanguage":"fr-FR"},{"@type":"Organization","@id":"https:\/\/climateactionnetwork.ca\/#organization","name":"Climate Action Network - R\u00e9seau action climat Canada","alternateName":"CAN-Rac","url":"https:\/\/climateactionnetwork.ca\/","logo":{"@type":"ImageObject","inLanguage":"fr-FR","@id":"https:\/\/climateactionnetwork.ca\/#\/schema\/logo\/image\/","url":"https:\/\/climateactionnetwork.ca\/wp-content\/uploads\/CAN-Rac-Canada-logo-cmyk-png-transparent.png","contentUrl":"https:\/\/climateactionnetwork.ca\/wp-content\/uploads\/CAN-Rac-Canada-logo-cmyk-png-transparent.png","width":1181,"height":1181,"caption":"Climate Action Network - R\u00e9seau action climat Canada"},"image":{"@id":"https:\/\/climateactionnetwork.ca\/#\/schema\/logo\/image\/"},"sameAs":["https:\/\/www.facebook.com\/climate.action.network.canada","https:\/\/x.com\/CANRacCanada"]},{"@type":"Person","@id":"https:\/\/climateactionnetwork.ca\/#\/schema\/person\/69a7adf3db32e8b9964d3b7a04f1a69c","name":"Audrey Robillard","image":{"@type":"ImageObject","inLanguage":"fr-FR","@id":"https:\/\/secure.gravatar.com\/avatar\/ddbec3131e780c258997c0430ffe733e07b674ecb0a1500e0b8cac841e2ac970?s=96&d=mm&r=g","url":"https:\/\/secure.gravatar.com\/avatar\/ddbec3131e780c258997c0430ffe733e07b674ecb0a1500e0b8cac841e2ac970?s=96&d=mm&r=g","contentUrl":"https:\/\/secure.gravatar.com\/avatar\/ddbec3131e780c258997c0430ffe733e07b674ecb0a1500e0b8cac841e2ac970?s=96&d=mm&r=g","caption":"Audrey Robillard"},"url":"https:\/\/climateactionnetwork.ca\/fr\/author\/can-rac\/"}]}},"_links":{"self":[{"href":"https:\/\/climateactionnetwork.ca\/fr\/wp-json\/wp\/v2\/posts\/50650","targetHints":{"allow":["GET"]}}],"collection":[{"href":"https:\/\/climateactionnetwork.ca\/fr\/wp-json\/wp\/v2\/posts"}],"about":[{"href":"https:\/\/climateactionnetwork.ca\/fr\/wp-json\/wp\/v2\/types\/post"}],"author":[{"embeddable":true,"href":"https:\/\/climateactionnetwork.ca\/fr\/wp-json\/wp\/v2\/users\/23"}],"replies":[{"embeddable":true,"href":"https:\/\/climateactionnetwork.ca\/fr\/wp-json\/wp\/v2\/comments?post=50650"}],"version-history":[{"count":6,"href":"https:\/\/climateactionnetwork.ca\/fr\/wp-json\/wp\/v2\/posts\/50650\/revisions"}],"predecessor-version":[{"id":50660,"href":"https:\/\/climateactionnetwork.ca\/fr\/wp-json\/wp\/v2\/posts\/50650\/revisions\/50660"}],"wp:featuredmedia":[{"embeddable":true,"href":"https:\/\/climateactionnetwork.ca\/fr\/wp-json\/wp\/v2\/media\/50646"}],"wp:attachment":[{"href":"https:\/\/climateactionnetwork.ca\/fr\/wp-json\/wp\/v2\/media?parent=50650"}],"wp:term":[{"taxonomy":"category","embeddable":true,"href":"https:\/\/climateactionnetwork.ca\/fr\/wp-json\/wp\/v2\/categories?post=50650"},{"taxonomy":"post_tag","embeddable":true,"href":"https:\/\/climateactionnetwork.ca\/fr\/wp-json\/wp\/v2\/tags?post=50650"}],"curies":[{"name":"wp","href":"https:\/\/api.w.org\/{rel}","templated":true}]}}