{"id":49888,"date":"2025-05-20T16:09:05","date_gmt":"2025-05-20T20:09:05","guid":{"rendered":"https:\/\/climateactionnetwork.ca\/?p=49888"},"modified":"2025-05-20T16:14:28","modified_gmt":"2025-05-20T20:14:28","slug":"avis-aux-medias-demain-des-groupes-environnementaux-afficheront-un-message-de-95-metres-a-lintention-du-premier-ministre-carney-linvitant-a-agir-pour-la-lutte-contre-les-changemen","status":"publish","type":"post","link":"https:\/\/climateactionnetwork.ca\/fr\/avis-aux-medias-demain-des-groupes-environnementaux-afficheront-un-message-de-95-metres-a-lintention-du-premier-ministre-carney-linvitant-a-agir-pour-la-lutte-contre-les-changemen\/","title":{"rendered":"Avis aux m\u00e9dias : Demain, des groupes environnementaux afficheront un message de 95 m\u00e8tres \u00e0 l\u2019intention du premier ministre Carney l\u2019invitant \u00e0 agir pour la lutte contre les changements climatiques"},"content":{"rendered":"<div class=\"fusion-fullwidth fullwidth-box fusion-builder-row-1 fusion-flex-container has-pattern-background has-mask-background nonhundred-percent-fullwidth non-hundred-percent-height-scrolling\" style=\"background-color: rgba(255,255,255,0);background-position: center center;background-repeat: no-repeat;border-width: 0px 0px 0px 0px;border-color:var(--awb-color3);border-style:solid;\" ><div class=\"fusion-builder-row fusion-row fusion-flex-align-items-flex-start\" style=\"max-width:1352px;margin-left: calc(-4% \/ 2 );margin-right: calc(-4% \/ 2 );\"><div class=\"fusion-layout-column fusion_builder_column fusion-builder-column-0 fusion_builder_column_1_1 1_1 fusion-flex-column\"><div class=\"fusion-column-wrapper fusion-flex-justify-content-flex-start fusion-content-layout-column\" style=\"background-position:left top;background-repeat:no-repeat;-webkit-background-size:cover;-moz-background-size:cover;-o-background-size:cover;background-size:cover;padding: 0px 0px 0px 0px;\"><div class=\"fusion-text fusion-text-1\"><p><span style=\"font-weight: 600;\">Territoires non c\u00e9d\u00e9s de la Nation algonquine anishinaabe <\/span><b>[OTTAWA], 20 mai 2025 :<\/b><\/p>\n<p><span style=\"font-weight: 400;\">\u00c0 l\u2019approche du discours du Tr\u00f4ne, des organisations nationales pour la lutte contre les changements climatiques appellent le premier ministre Carney \u00e0 choisir un camp et prioriser les solutions climatiques plut\u00f4t que l\u2019expansion des \u00e9nergies fossiles.\u00a0<\/span><\/p>\n<p><span style=\"font-weight: 400;\">Des membres engag\u00e9s de la soci\u00e9t\u00e9 civile installeront une structure textile de 95 m\u00e8tres dans le parc Major Hills \u00e0 Ottawa, avec pour message \u00ab Choisissez un camp \u00bb entre deux fl\u00e8ches divergentes : l\u2019une pointant vers les pipelines, face \u00e0 l\u2019ambassade des \u00c9tats-Unis, et l\u2019autre vers l\u2019action climatique, face au Parlement canadien. Cette manifestation visuelle sera suivie d\u2019un concert en plein air avec des performances de Jessica Pearson, Maila\u00efka Urbani, et Luella.\u00a0<\/span><\/p>\n<p><b>Quoi : <\/b><span style=\"font-weight: 400;\">Installation d\u2019une grande banni\u00e8re appelant le premier ministre Carney \u00e0 agir et concert en plein air.\u00a0<\/span><\/p>\n<p><b>Quand :<\/b><span style=\"font-weight: 400;\"> Le mercredi, 21 mai, 2025<\/span><\/p>\n<ul>\n<li style=\"font-weight: 400;\" aria-level=\"1\"><span style=\"font-weight: 400;\">Installation de la banni\u00e8re de 16 h 30 \u00e0 18 h (heure de l\u2019Est)<\/span><\/li>\n<li style=\"font-weight: 400;\" aria-level=\"1\"><span style=\"font-weight: 400;\">Concert de 17 h \u00e0 19 h (heure de l\u2019Est)<\/span><\/li>\n<\/ul>\n<p><b>O\u00f9 : <\/b><span style=\"font-weight: 400;\">Parc Major\u2019s Hill, Ottawa. Territoires non c\u00e9d\u00e9s de la Nation algonquine anishinaabe.<\/span><\/p>\n<p><b>Groupes organisateurs de l\u2019action et de\u00a0 l\u2019\u00e9v\u00e9nement <\/b><span style=\"font-weight: 400;\">:\u00a0<\/span><\/p>\n<ul>\n<li style=\"font-weight: 400;\" aria-level=\"1\"><span style=\"font-weight: 400;\">Common Horizon<\/span><\/li>\n<li style=\"font-weight: 400;\" aria-level=\"1\"><span style=\"font-weight: 400;\">Climate Action Network Canada<\/span><\/li>\n<li style=\"font-weight: 400;\" aria-level=\"1\"><span style=\"font-weight: 400;\">Environmental Defence Canada<\/span><\/li>\n<li style=\"font-weight: 400;\" aria-level=\"1\"><span style=\"font-weight: 400;\">Music Declares Emergency<\/span><\/li>\n<\/ul>\n<p><b>Groupes supportant l\u2019initiative <\/b><span style=\"font-weight: 400;\">:\u00a0<\/span><\/p>\n<ul>\n<li style=\"font-weight: 400;\" aria-level=\"1\"><span style=\"font-weight: 400;\">Climate Justice Ottawa<\/span><\/li>\n<li style=\"font-weight: 400;\" aria-level=\"1\"><span style=\"font-weight: 400;\">Climate Emergency Unit<\/span><\/li>\n<li style=\"font-weight: 400;\" aria-level=\"1\"><span style=\"font-weight: 400;\">350 Canada<\/span><\/li>\n<li style=\"font-weight: 400;\" aria-level=\"1\"><span style=\"font-weight: 400;\">Grand(m)others Act To Save The Planet (GASP)<\/span><\/li>\n<li style=\"font-weight: 400;\" aria-level=\"1\"><span style=\"font-weight: 400;\">Fridays For Future Ottawa<\/span><\/li>\n<\/ul>\n<p style=\"text-align: center;\">-30-<\/p>\n<p><b><i>Climate Action Network \u2013 R\u00e9seau action climat (CAN-Rac) Canada<\/i><\/b><i>\u00a0est le plus vaste r\u00e9seau d\u2019organisations travaillant sur les questions li\u00e9es aux changements climatiques et \u00e0 l\u2019\u00e9nergie au Canada. Il s\u2019agit d\u2019une coalition de 180 organisations op\u00e9rant d\u2019un oc\u00e9an \u00e0 l\u2019autre. Nos membres rassemblent des groupes environnementaux, des syndicats, des Premi\u00e8res Nations, des organisations de justice sociale, de d\u00e9veloppement, de sant\u00e9 et de jeunesse, des groupes religieux et des initiatives locales.<\/i><\/p>\n<p><b>Pour plus d\u2019informations ou pour organiser une entrevue, contactez :<\/b><\/p>\n<p>Vicky Coo, Directrice des communications<br \/>\n<a href=\"mailto:comms@climateactionnetwork.ca\">comms@climateactionnetwork.ca\u00a0<\/a><\/p>\n<\/div><\/div><style type=\"text\/css\">.fusion-body .fusion-builder-column-0{width:100% !important;margin-top : 0px;margin-bottom : 20px;}.fusion-builder-column-0 > .fusion-column-wrapper {padding-top : 0px !important;padding-right : 0px !important;margin-right : 1.92%;padding-bottom : 0px !important;padding-left : 0px !important;margin-left : 1.92%;}@media only screen and (max-width:1024px) {.fusion-body .fusion-builder-column-0{width:100% !important;order : 0;}.fusion-builder-column-0 > .fusion-column-wrapper {margin-right : 1.92%;margin-left : 1.92%;}}@media only screen and (max-width:800px) {.fusion-body .fusion-builder-column-0{width:100% !important;order : 0;}.fusion-builder-column-0 > .fusion-column-wrapper {margin-right : 1.92%;margin-left : 1.92%;}}<\/style><\/div><\/div><style type=\"text\/css\">.fusion-body .fusion-flex-container.fusion-builder-row-1{ padding-top : 0px;margin-top : 0px;padding-right : 0px;padding-bottom : 0px;margin-bottom : 0px;padding-left : 0px;}<\/style><\/div>\n","protected":false},"excerpt":{"rendered":"","protected":false},"author":18,"featured_media":49885,"comment_status":"closed","ping_status":"closed","sticky":false,"template":"","format":"standard","meta":{"inline_featured_image":false,"footnotes":"","_wp_rev_ctl_limit":""},"categories":[64],"tags":[],"class_list":["post-49888","post","type-post","status-publish","format-standard","has-post-thumbnail","hentry","category-press-release-fr"],"acf":[],"yoast_head":"<!-- This site is optimized with the Yoast SEO plugin v27.3 - https:\/\/yoast.com\/product\/yoast-seo-wordpress\/ -->\n<title>Avis aux m\u00e9dias : Demain, des groupes environnementaux afficheront un message de 95 m\u00e8tres \u00e0 l\u2019intention du premier ministre Carney l\u2019invitant \u00e0 agir pour la lutte contre les changements climatiques - Climate Action Network Canada (CAN-Rac)<\/title>\n<meta name=\"description\" content=\"\u00c0 l\u2019approche du discours du Tr\u00f4ne, des organisations nationales pour la lutte contre les changements climatiques appellent le premier ministre Carney \u00e0 choisir un camp et prioriser les solutions climatiques plut\u00f4t que l\u2019expansion des \u00e9nergies fossiles.\" \/>\n<meta name=\"robots\" content=\"index, follow, max-snippet:-1, max-image-preview:large, max-video-preview:-1\" \/>\n<link rel=\"canonical\" href=\"https:\/\/climateactionnetwork.ca\/fr\/avis-aux-medias-demain-des-groupes-environnementaux-afficheront-un-message-de-95-metres-a-lintention-du-premier-ministre-carney-linvitant-a-agir-pour-la-lutte-contre-les-changemen\/\" \/>\n<meta property=\"og:locale\" content=\"fr_FR\" \/>\n<meta property=\"og:type\" content=\"article\" \/>\n<meta property=\"og:title\" content=\"Avis aux m\u00e9dias : Demain, des groupes environnementaux afficheront un message de 95 m\u00e8tres \u00e0 l\u2019intention du premier ministre Carney l\u2019invitant \u00e0 agir pour la lutte contre les changements climatiques - Climate Action Network Canada (CAN-Rac)\" \/>\n<meta property=\"og:description\" content=\"\u00c0 l\u2019approche du discours du Tr\u00f4ne, des organisations nationales pour la lutte contre les changements climatiques appellent le premier ministre Carney \u00e0 choisir un camp et prioriser les solutions climatiques plut\u00f4t que l\u2019expansion des \u00e9nergies fossiles.\" \/>\n<meta property=\"og:url\" content=\"https:\/\/climateactionnetwork.ca\/fr\/avis-aux-medias-demain-des-groupes-environnementaux-afficheront-un-message-de-95-metres-a-lintention-du-premier-ministre-carney-linvitant-a-agir-pour-la-lutte-contre-les-changemen\/\" \/>\n<meta property=\"og:site_name\" content=\"Climate Action Network Canada (CAN-Rac)\" \/>\n<meta property=\"article:publisher\" content=\"https:\/\/www.facebook.com\/climate.action.network.canada\" \/>\n<meta property=\"article:published_time\" content=\"2025-05-20T20:09:05+00:00\" \/>\n<meta property=\"article:modified_time\" content=\"2025-05-20T20:14:28+00:00\" \/>\n<meta property=\"og:image\" content=\"https:\/\/climateactionnetwork.ca\/wp-content\/uploads\/News-Release-Cover-Photos-6.png\" \/>\n\t<meta property=\"og:image:width\" content=\"1800\" \/>\n\t<meta property=\"og:image:height\" content=\"900\" \/>\n\t<meta property=\"og:image:type\" content=\"image\/png\" \/>\n<meta name=\"author\" content=\"CAN-Rac\" \/>\n<meta name=\"twitter:card\" content=\"summary_large_image\" \/>\n<meta name=\"twitter:creator\" content=\"@CANRacCanada\" \/>\n<meta name=\"twitter:site\" content=\"@CANRacCanada\" \/>\n<meta name=\"twitter:label1\" content=\"\u00c9crit par\" \/>\n\t<meta name=\"twitter:data1\" content=\"CAN-Rac\" \/>\n\t<meta name=\"twitter:label2\" content=\"Dur\u00e9e de lecture estim\u00e9e\" \/>\n\t<meta name=\"twitter:data2\" content=\"3 minutes\" \/>\n<script type=\"application\/ld+json\" class=\"yoast-schema-graph\">{\"@context\":\"https:\\\/\\\/schema.org\",\"@graph\":[{\"@type\":\"Article\",\"@id\":\"https:\\\/\\\/climateactionnetwork.ca\\\/fr\\\/avis-aux-medias-demain-des-groupes-environnementaux-afficheront-un-message-de-95-metres-a-lintention-du-premier-ministre-carney-linvitant-a-agir-pour-la-lutte-contre-les-changemen\\\/#article\",\"isPartOf\":{\"@id\":\"https:\\\/\\\/climateactionnetwork.ca\\\/fr\\\/avis-aux-medias-demain-des-groupes-environnementaux-afficheront-un-message-de-95-metres-a-lintention-du-premier-ministre-carney-linvitant-a-agir-pour-la-lutte-contre-les-changemen\\\/\"},\"author\":{\"name\":\"CAN-Rac\",\"@id\":\"https:\\\/\\\/climateactionnetwork.ca\\\/#\\\/schema\\\/person\\\/ee167c68d6795b69a871eaec781d82b6\"},\"headline\":\"Avis aux m\u00e9dias : Demain, des groupes environnementaux afficheront un message de 95 m\u00e8tres \u00e0 l\u2019intention du premier ministre Carney l\u2019invitant \u00e0 agir pour la lutte contre les changements climatiques\",\"datePublished\":\"2025-05-20T20:09:05+00:00\",\"dateModified\":\"2025-05-20T20:14:28+00:00\",\"mainEntityOfPage\":{\"@id\":\"https:\\\/\\\/climateactionnetwork.ca\\\/fr\\\/avis-aux-medias-demain-des-groupes-environnementaux-afficheront-un-message-de-95-metres-a-lintention-du-premier-ministre-carney-linvitant-a-agir-pour-la-lutte-contre-les-changemen\\\/\"},\"wordCount\":1114,\"publisher\":{\"@id\":\"https:\\\/\\\/climateactionnetwork.ca\\\/#organization\"},\"image\":{\"@id\":\"https:\\\/\\\/climateactionnetwork.ca\\\/fr\\\/avis-aux-medias-demain-des-groupes-environnementaux-afficheront-un-message-de-95-metres-a-lintention-du-premier-ministre-carney-linvitant-a-agir-pour-la-lutte-contre-les-changemen\\\/#primaryimage\"},\"thumbnailUrl\":\"https:\\\/\\\/climateactionnetwork.ca\\\/wp-content\\\/uploads\\\/News-Release-Cover-Photos-6.png\",\"articleSection\":[\"Communiqu\u00e9 de presse\"],\"inLanguage\":\"fr-FR\"},{\"@type\":\"WebPage\",\"@id\":\"https:\\\/\\\/climateactionnetwork.ca\\\/fr\\\/avis-aux-medias-demain-des-groupes-environnementaux-afficheront-un-message-de-95-metres-a-lintention-du-premier-ministre-carney-linvitant-a-agir-pour-la-lutte-contre-les-changemen\\\/\",\"url\":\"https:\\\/\\\/climateactionnetwork.ca\\\/fr\\\/avis-aux-medias-demain-des-groupes-environnementaux-afficheront-un-message-de-95-metres-a-lintention-du-premier-ministre-carney-linvitant-a-agir-pour-la-lutte-contre-les-changemen\\\/\",\"name\":\"Avis aux m\u00e9dias : Demain, des groupes environnementaux afficheront un message de 95 m\u00e8tres \u00e0 l\u2019intention du premier ministre Carney l\u2019invitant \u00e0 agir pour la lutte contre les changements climatiques - Climate Action Network Canada (CAN-Rac)\",\"isPartOf\":{\"@id\":\"https:\\\/\\\/climateactionnetwork.ca\\\/#website\"},\"primaryImageOfPage\":{\"@id\":\"https:\\\/\\\/climateactionnetwork.ca\\\/fr\\\/avis-aux-medias-demain-des-groupes-environnementaux-afficheront-un-message-de-95-metres-a-lintention-du-premier-ministre-carney-linvitant-a-agir-pour-la-lutte-contre-les-changemen\\\/#primaryimage\"},\"image\":{\"@id\":\"https:\\\/\\\/climateactionnetwork.ca\\\/fr\\\/avis-aux-medias-demain-des-groupes-environnementaux-afficheront-un-message-de-95-metres-a-lintention-du-premier-ministre-carney-linvitant-a-agir-pour-la-lutte-contre-les-changemen\\\/#primaryimage\"},\"thumbnailUrl\":\"https:\\\/\\\/climateactionnetwork.ca\\\/wp-content\\\/uploads\\\/News-Release-Cover-Photos-6.png\",\"datePublished\":\"2025-05-20T20:09:05+00:00\",\"dateModified\":\"2025-05-20T20:14:28+00:00\",\"description\":\"\u00c0 l\u2019approche du discours du Tr\u00f4ne, des organisations nationales pour la lutte contre les changements climatiques appellent le premier ministre Carney \u00e0 choisir un camp et prioriser les solutions climatiques plut\u00f4t que l\u2019expansion des \u00e9nergies fossiles.\",\"breadcrumb\":{\"@id\":\"https:\\\/\\\/climateactionnetwork.ca\\\/fr\\\/avis-aux-medias-demain-des-groupes-environnementaux-afficheront-un-message-de-95-metres-a-lintention-du-premier-ministre-carney-linvitant-a-agir-pour-la-lutte-contre-les-changemen\\\/#breadcrumb\"},\"inLanguage\":\"fr-FR\",\"potentialAction\":[{\"@type\":\"ReadAction\",\"target\":[\"https:\\\/\\\/climateactionnetwork.ca\\\/fr\\\/avis-aux-medias-demain-des-groupes-environnementaux-afficheront-un-message-de-95-metres-a-lintention-du-premier-ministre-carney-linvitant-a-agir-pour-la-lutte-contre-les-changemen\\\/\"]}]},{\"@type\":\"ImageObject\",\"inLanguage\":\"fr-FR\",\"@id\":\"https:\\\/\\\/climateactionnetwork.ca\\\/fr\\\/avis-aux-medias-demain-des-groupes-environnementaux-afficheront-un-message-de-95-metres-a-lintention-du-premier-ministre-carney-linvitant-a-agir-pour-la-lutte-contre-les-changemen\\\/#primaryimage\",\"url\":\"https:\\\/\\\/climateactionnetwork.ca\\\/wp-content\\\/uploads\\\/News-Release-Cover-Photos-6.png\",\"contentUrl\":\"https:\\\/\\\/climateactionnetwork.ca\\\/wp-content\\\/uploads\\\/News-Release-Cover-Photos-6.png\",\"width\":1800,\"height\":900},{\"@type\":\"BreadcrumbList\",\"@id\":\"https:\\\/\\\/climateactionnetwork.ca\\\/fr\\\/avis-aux-medias-demain-des-groupes-environnementaux-afficheront-un-message-de-95-metres-a-lintention-du-premier-ministre-carney-linvitant-a-agir-pour-la-lutte-contre-les-changemen\\\/#breadcrumb\",\"itemListElement\":[{\"@type\":\"ListItem\",\"position\":1,\"name\":\"Home\",\"item\":\"https:\\\/\\\/climateactionnetwork.ca\\\/fr\\\/\"},{\"@type\":\"ListItem\",\"position\":2,\"name\":\"Avis aux m\u00e9dias : Demain, des groupes environnementaux afficheront un message de 95 m\u00e8tres \u00e0 l\u2019intention du premier ministre Carney l\u2019invitant \u00e0 agir pour la lutte contre les changements climatiques\"}]},{\"@type\":\"WebSite\",\"@id\":\"https:\\\/\\\/climateactionnetwork.ca\\\/#website\",\"url\":\"https:\\\/\\\/climateactionnetwork.ca\\\/\",\"name\":\"Climate Action Network Canada (CAN-Rac)\",\"description\":\"Climate Action Network Canada (CAN-Rac)\",\"publisher\":{\"@id\":\"https:\\\/\\\/climateactionnetwork.ca\\\/#organization\"},\"potentialAction\":[{\"@type\":\"SearchAction\",\"target\":{\"@type\":\"EntryPoint\",\"urlTemplate\":\"https:\\\/\\\/climateactionnetwork.ca\\\/?s={search_term_string}\"},\"query-input\":{\"@type\":\"PropertyValueSpecification\",\"valueRequired\":true,\"valueName\":\"search_term_string\"}}],\"inLanguage\":\"fr-FR\"},{\"@type\":\"Organization\",\"@id\":\"https:\\\/\\\/climateactionnetwork.ca\\\/#organization\",\"name\":\"Climate Action Network - R\u00e9seau action climat Canada\",\"alternateName\":\"CAN-Rac\",\"url\":\"https:\\\/\\\/climateactionnetwork.ca\\\/\",\"logo\":{\"@type\":\"ImageObject\",\"inLanguage\":\"fr-FR\",\"@id\":\"https:\\\/\\\/climateactionnetwork.ca\\\/#\\\/schema\\\/logo\\\/image\\\/\",\"url\":\"https:\\\/\\\/climateactionnetwork.ca\\\/wp-content\\\/uploads\\\/CAN-Rac-Canada-logo-cmyk-png-transparent.png\",\"contentUrl\":\"https:\\\/\\\/climateactionnetwork.ca\\\/wp-content\\\/uploads\\\/CAN-Rac-Canada-logo-cmyk-png-transparent.png\",\"width\":1181,\"height\":1181,\"caption\":\"Climate Action Network - R\u00e9seau action climat Canada\"},\"image\":{\"@id\":\"https:\\\/\\\/climateactionnetwork.ca\\\/#\\\/schema\\\/logo\\\/image\\\/\"},\"sameAs\":[\"https:\\\/\\\/www.facebook.com\\\/climate.action.network.canada\",\"https:\\\/\\\/x.com\\\/CANRacCanada\"]},{\"@type\":\"Person\",\"@id\":\"https:\\\/\\\/climateactionnetwork.ca\\\/#\\\/schema\\\/person\\\/ee167c68d6795b69a871eaec781d82b6\",\"name\":\"CAN-Rac\",\"image\":{\"@type\":\"ImageObject\",\"inLanguage\":\"fr-FR\",\"@id\":\"https:\\\/\\\/secure.gravatar.com\\\/avatar\\\/a62440e942a6e9ea94b0a1b3eb25deed149b82fa34e2fa4f5a019fbaf71048ea?s=96&d=mm&r=g\",\"url\":\"https:\\\/\\\/secure.gravatar.com\\\/avatar\\\/a62440e942a6e9ea94b0a1b3eb25deed149b82fa34e2fa4f5a019fbaf71048ea?s=96&d=mm&r=g\",\"contentUrl\":\"https:\\\/\\\/secure.gravatar.com\\\/avatar\\\/a62440e942a6e9ea94b0a1b3eb25deed149b82fa34e2fa4f5a019fbaf71048ea?s=96&d=mm&r=g\",\"caption\":\"CAN-Rac\"},\"url\":\"https:\\\/\\\/climateactionnetwork.ca\\\/fr\\\/author\\\/editor\\\/\"}]}<\/script>\n<!-- \/ Yoast SEO plugin. -->","yoast_head_json":{"title":"Avis aux m\u00e9dias : Demain, des groupes environnementaux afficheront un message de 95 m\u00e8tres \u00e0 l\u2019intention du premier ministre Carney l\u2019invitant \u00e0 agir pour la lutte contre les changements climatiques - Climate Action Network Canada (CAN-Rac)","description":"\u00c0 l\u2019approche du discours du Tr\u00f4ne, des organisations nationales pour la lutte contre les changements climatiques appellent le premier ministre Carney \u00e0 choisir un camp et prioriser les solutions climatiques plut\u00f4t que l\u2019expansion des \u00e9nergies fossiles.","robots":{"index":"index","follow":"follow","max-snippet":"max-snippet:-1","max-image-preview":"max-image-preview:large","max-video-preview":"max-video-preview:-1"},"canonical":"https:\/\/climateactionnetwork.ca\/fr\/avis-aux-medias-demain-des-groupes-environnementaux-afficheront-un-message-de-95-metres-a-lintention-du-premier-ministre-carney-linvitant-a-agir-pour-la-lutte-contre-les-changemen\/","og_locale":"fr_FR","og_type":"article","og_title":"Avis aux m\u00e9dias : Demain, des groupes environnementaux afficheront un message de 95 m\u00e8tres \u00e0 l\u2019intention du premier ministre Carney l\u2019invitant \u00e0 agir pour la lutte contre les changements climatiques - Climate Action Network Canada (CAN-Rac)","og_description":"\u00c0 l\u2019approche du discours du Tr\u00f4ne, des organisations nationales pour la lutte contre les changements climatiques appellent le premier ministre Carney \u00e0 choisir un camp et prioriser les solutions climatiques plut\u00f4t que l\u2019expansion des \u00e9nergies fossiles.","og_url":"https:\/\/climateactionnetwork.ca\/fr\/avis-aux-medias-demain-des-groupes-environnementaux-afficheront-un-message-de-95-metres-a-lintention-du-premier-ministre-carney-linvitant-a-agir-pour-la-lutte-contre-les-changemen\/","og_site_name":"Climate Action Network Canada (CAN-Rac)","article_publisher":"https:\/\/www.facebook.com\/climate.action.network.canada","article_published_time":"2025-05-20T20:09:05+00:00","article_modified_time":"2025-05-20T20:14:28+00:00","og_image":[{"width":1800,"height":900,"url":"https:\/\/climateactionnetwork.ca\/wp-content\/uploads\/News-Release-Cover-Photos-6.png","type":"image\/png"}],"author":"CAN-Rac","twitter_card":"summary_large_image","twitter_creator":"@CANRacCanada","twitter_site":"@CANRacCanada","twitter_misc":{"\u00c9crit par":"CAN-Rac","Dur\u00e9e de lecture estim\u00e9e":"3 minutes"},"schema":{"@context":"https:\/\/schema.org","@graph":[{"@type":"Article","@id":"https:\/\/climateactionnetwork.ca\/fr\/avis-aux-medias-demain-des-groupes-environnementaux-afficheront-un-message-de-95-metres-a-lintention-du-premier-ministre-carney-linvitant-a-agir-pour-la-lutte-contre-les-changemen\/#article","isPartOf":{"@id":"https:\/\/climateactionnetwork.ca\/fr\/avis-aux-medias-demain-des-groupes-environnementaux-afficheront-un-message-de-95-metres-a-lintention-du-premier-ministre-carney-linvitant-a-agir-pour-la-lutte-contre-les-changemen\/"},"author":{"name":"CAN-Rac","@id":"https:\/\/climateactionnetwork.ca\/#\/schema\/person\/ee167c68d6795b69a871eaec781d82b6"},"headline":"Avis aux m\u00e9dias : Demain, des groupes environnementaux afficheront un message de 95 m\u00e8tres \u00e0 l\u2019intention du premier ministre Carney l\u2019invitant \u00e0 agir pour la lutte contre les changements climatiques","datePublished":"2025-05-20T20:09:05+00:00","dateModified":"2025-05-20T20:14:28+00:00","mainEntityOfPage":{"@id":"https:\/\/climateactionnetwork.ca\/fr\/avis-aux-medias-demain-des-groupes-environnementaux-afficheront-un-message-de-95-metres-a-lintention-du-premier-ministre-carney-linvitant-a-agir-pour-la-lutte-contre-les-changemen\/"},"wordCount":1114,"publisher":{"@id":"https:\/\/climateactionnetwork.ca\/#organization"},"image":{"@id":"https:\/\/climateactionnetwork.ca\/fr\/avis-aux-medias-demain-des-groupes-environnementaux-afficheront-un-message-de-95-metres-a-lintention-du-premier-ministre-carney-linvitant-a-agir-pour-la-lutte-contre-les-changemen\/#primaryimage"},"thumbnailUrl":"https:\/\/climateactionnetwork.ca\/wp-content\/uploads\/News-Release-Cover-Photos-6.png","articleSection":["Communiqu\u00e9 de presse"],"inLanguage":"fr-FR"},{"@type":"WebPage","@id":"https:\/\/climateactionnetwork.ca\/fr\/avis-aux-medias-demain-des-groupes-environnementaux-afficheront-un-message-de-95-metres-a-lintention-du-premier-ministre-carney-linvitant-a-agir-pour-la-lutte-contre-les-changemen\/","url":"https:\/\/climateactionnetwork.ca\/fr\/avis-aux-medias-demain-des-groupes-environnementaux-afficheront-un-message-de-95-metres-a-lintention-du-premier-ministre-carney-linvitant-a-agir-pour-la-lutte-contre-les-changemen\/","name":"Avis aux m\u00e9dias : Demain, des groupes environnementaux afficheront un message de 95 m\u00e8tres \u00e0 l\u2019intention du premier ministre Carney l\u2019invitant \u00e0 agir pour la lutte contre les changements climatiques - Climate Action Network Canada (CAN-Rac)","isPartOf":{"@id":"https:\/\/climateactionnetwork.ca\/#website"},"primaryImageOfPage":{"@id":"https:\/\/climateactionnetwork.ca\/fr\/avis-aux-medias-demain-des-groupes-environnementaux-afficheront-un-message-de-95-metres-a-lintention-du-premier-ministre-carney-linvitant-a-agir-pour-la-lutte-contre-les-changemen\/#primaryimage"},"image":{"@id":"https:\/\/climateactionnetwork.ca\/fr\/avis-aux-medias-demain-des-groupes-environnementaux-afficheront-un-message-de-95-metres-a-lintention-du-premier-ministre-carney-linvitant-a-agir-pour-la-lutte-contre-les-changemen\/#primaryimage"},"thumbnailUrl":"https:\/\/climateactionnetwork.ca\/wp-content\/uploads\/News-Release-Cover-Photos-6.png","datePublished":"2025-05-20T20:09:05+00:00","dateModified":"2025-05-20T20:14:28+00:00","description":"\u00c0 l\u2019approche du discours du Tr\u00f4ne, des organisations nationales pour la lutte contre les changements climatiques appellent le premier ministre Carney \u00e0 choisir un camp et prioriser les solutions climatiques plut\u00f4t que l\u2019expansion des \u00e9nergies fossiles.","breadcrumb":{"@id":"https:\/\/climateactionnetwork.ca\/fr\/avis-aux-medias-demain-des-groupes-environnementaux-afficheront-un-message-de-95-metres-a-lintention-du-premier-ministre-carney-linvitant-a-agir-pour-la-lutte-contre-les-changemen\/#breadcrumb"},"inLanguage":"fr-FR","potentialAction":[{"@type":"ReadAction","target":["https:\/\/climateactionnetwork.ca\/fr\/avis-aux-medias-demain-des-groupes-environnementaux-afficheront-un-message-de-95-metres-a-lintention-du-premier-ministre-carney-linvitant-a-agir-pour-la-lutte-contre-les-changemen\/"]}]},{"@type":"ImageObject","inLanguage":"fr-FR","@id":"https:\/\/climateactionnetwork.ca\/fr\/avis-aux-medias-demain-des-groupes-environnementaux-afficheront-un-message-de-95-metres-a-lintention-du-premier-ministre-carney-linvitant-a-agir-pour-la-lutte-contre-les-changemen\/#primaryimage","url":"https:\/\/climateactionnetwork.ca\/wp-content\/uploads\/News-Release-Cover-Photos-6.png","contentUrl":"https:\/\/climateactionnetwork.ca\/wp-content\/uploads\/News-Release-Cover-Photos-6.png","width":1800,"height":900},{"@type":"BreadcrumbList","@id":"https:\/\/climateactionnetwork.ca\/fr\/avis-aux-medias-demain-des-groupes-environnementaux-afficheront-un-message-de-95-metres-a-lintention-du-premier-ministre-carney-linvitant-a-agir-pour-la-lutte-contre-les-changemen\/#breadcrumb","itemListElement":[{"@type":"ListItem","position":1,"name":"Home","item":"https:\/\/climateactionnetwork.ca\/fr\/"},{"@type":"ListItem","position":2,"name":"Avis aux m\u00e9dias : Demain, des groupes environnementaux afficheront un message de 95 m\u00e8tres \u00e0 l\u2019intention du premier ministre Carney l\u2019invitant \u00e0 agir pour la lutte contre les changements climatiques"}]},{"@type":"WebSite","@id":"https:\/\/climateactionnetwork.ca\/#website","url":"https:\/\/climateactionnetwork.ca\/","name":"Climate Action Network Canada (CAN-Rac)","description":"Climate Action Network Canada (CAN-Rac)","publisher":{"@id":"https:\/\/climateactionnetwork.ca\/#organization"},"potentialAction":[{"@type":"SearchAction","target":{"@type":"EntryPoint","urlTemplate":"https:\/\/climateactionnetwork.ca\/?s={search_term_string}"},"query-input":{"@type":"PropertyValueSpecification","valueRequired":true,"valueName":"search_term_string"}}],"inLanguage":"fr-FR"},{"@type":"Organization","@id":"https:\/\/climateactionnetwork.ca\/#organization","name":"Climate Action Network - R\u00e9seau action climat Canada","alternateName":"CAN-Rac","url":"https:\/\/climateactionnetwork.ca\/","logo":{"@type":"ImageObject","inLanguage":"fr-FR","@id":"https:\/\/climateactionnetwork.ca\/#\/schema\/logo\/image\/","url":"https:\/\/climateactionnetwork.ca\/wp-content\/uploads\/CAN-Rac-Canada-logo-cmyk-png-transparent.png","contentUrl":"https:\/\/climateactionnetwork.ca\/wp-content\/uploads\/CAN-Rac-Canada-logo-cmyk-png-transparent.png","width":1181,"height":1181,"caption":"Climate Action Network - R\u00e9seau action climat Canada"},"image":{"@id":"https:\/\/climateactionnetwork.ca\/#\/schema\/logo\/image\/"},"sameAs":["https:\/\/www.facebook.com\/climate.action.network.canada","https:\/\/x.com\/CANRacCanada"]},{"@type":"Person","@id":"https:\/\/climateactionnetwork.ca\/#\/schema\/person\/ee167c68d6795b69a871eaec781d82b6","name":"CAN-Rac","image":{"@type":"ImageObject","inLanguage":"fr-FR","@id":"https:\/\/secure.gravatar.com\/avatar\/a62440e942a6e9ea94b0a1b3eb25deed149b82fa34e2fa4f5a019fbaf71048ea?s=96&d=mm&r=g","url":"https:\/\/secure.gravatar.com\/avatar\/a62440e942a6e9ea94b0a1b3eb25deed149b82fa34e2fa4f5a019fbaf71048ea?s=96&d=mm&r=g","contentUrl":"https:\/\/secure.gravatar.com\/avatar\/a62440e942a6e9ea94b0a1b3eb25deed149b82fa34e2fa4f5a019fbaf71048ea?s=96&d=mm&r=g","caption":"CAN-Rac"},"url":"https:\/\/climateactionnetwork.ca\/fr\/author\/editor\/"}]}},"_links":{"self":[{"href":"https:\/\/climateactionnetwork.ca\/fr\/wp-json\/wp\/v2\/posts\/49888","targetHints":{"allow":["GET"]}}],"collection":[{"href":"https:\/\/climateactionnetwork.ca\/fr\/wp-json\/wp\/v2\/posts"}],"about":[{"href":"https:\/\/climateactionnetwork.ca\/fr\/wp-json\/wp\/v2\/types\/post"}],"author":[{"embeddable":true,"href":"https:\/\/climateactionnetwork.ca\/fr\/wp-json\/wp\/v2\/users\/18"}],"replies":[{"embeddable":true,"href":"https:\/\/climateactionnetwork.ca\/fr\/wp-json\/wp\/v2\/comments?post=49888"}],"version-history":[{"count":9,"href":"https:\/\/climateactionnetwork.ca\/fr\/wp-json\/wp\/v2\/posts\/49888\/revisions"}],"predecessor-version":[{"id":49899,"href":"https:\/\/climateactionnetwork.ca\/fr\/wp-json\/wp\/v2\/posts\/49888\/revisions\/49899"}],"wp:featuredmedia":[{"embeddable":true,"href":"https:\/\/climateactionnetwork.ca\/fr\/wp-json\/wp\/v2\/media\/49885"}],"wp:attachment":[{"href":"https:\/\/climateactionnetwork.ca\/fr\/wp-json\/wp\/v2\/media?parent=49888"}],"wp:term":[{"taxonomy":"category","embeddable":true,"href":"https:\/\/climateactionnetwork.ca\/fr\/wp-json\/wp\/v2\/categories?post=49888"},{"taxonomy":"post_tag","embeddable":true,"href":"https:\/\/climateactionnetwork.ca\/fr\/wp-json\/wp\/v2\/tags?post=49888"}],"curies":[{"name":"wp","href":"https:\/\/api.w.org\/{rel}","templated":true}]}}