{"id":49592,"date":"2025-04-09T18:39:32","date_gmt":"2025-04-09T22:39:32","guid":{"rendered":"https:\/\/climateactionnetwork.ca\/lannonce-du-plan-energetique-du-parti-liberal-souligne-limportance-dinvestir-dans-une-electricite-propre-mais-laisse-la-question-de-lexpansion-des-energies-fossiles-sans-reponse\/"},"modified":"2025-04-17T15:37:05","modified_gmt":"2025-04-17T19:37:05","slug":"lannonce-du-plan-energetique-du-parti-liberal-souligne-limportance-dinvestir-dans-une-electricite-propre-mais-laisse-la-question-de-lexpansion-des-energies-fossiles-sans-reponse","status":"publish","type":"post","link":"https:\/\/climateactionnetwork.ca\/fr\/lannonce-du-plan-energetique-du-parti-liberal-souligne-limportance-dinvestir-dans-une-electricite-propre-mais-laisse-la-question-de-lexpansion-des-energies-fossiles-sans-reponse\/","title":{"rendered":"L&rsquo;annonce du plan \u00e9nerg\u00e9tique du Parti liberal souligne l&rsquo;importance d&rsquo;investir dans une \u00e9lectricit\u00e9 propre, mais laisse la question de l&rsquo;expansion des \u00e9nergies fossiles sans r\u00e9ponse"},"content":{"rendered":"<div class=\"fusion-fullwidth fullwidth-box fusion-builder-row-1 fusion-flex-container has-pattern-background has-mask-background nonhundred-percent-fullwidth non-hundred-percent-height-scrolling\" style=\"background-color: rgba(255,255,255,0);background-position: center center;background-repeat: no-repeat;border-width: 0px 0px 0px 0px;border-color:var(--awb-color3);border-style:solid;\" ><div class=\"fusion-builder-row fusion-row fusion-flex-align-items-flex-start\" style=\"max-width:1352px;margin-left: calc(-4% \/ 2 );margin-right: calc(-4% \/ 2 );\"><div class=\"fusion-layout-column fusion_builder_column fusion-builder-column-0 fusion_builder_column_1_1 1_1 fusion-flex-column\"><div class=\"fusion-column-wrapper fusion-flex-justify-content-flex-start fusion-content-layout-column\" style=\"background-position:left top;background-repeat:no-repeat;-webkit-background-size:cover;-moz-background-size:cover;-o-background-size:cover;background-size:cover;padding: 0px 0px 0px 0px;\"><div class=\"fusion-text fusion-text-1\"><p><b>Territoires non c\u00e9d\u00e9s de la Nation algonquine anishinaabe\u00a0 [OTTAWA], 9 avril 2025 :<\/b><\/p>\n<p><span style=\"font-weight: 300;\">En r\u00e9action \u00e0 <\/span><a href=\"https:\/\/liberal.ca\/fr\/les-liberaux-de-mark-carney-feront-du-canada-la-superpuissance-energetique-mondiale\/\"><span style=\"font-weight: 300;\">l\u2019annonce du plan \u00e9nerg\u00e9tique du Parti lib\u00e9ral du Canada<\/span><\/a><span style=\"font-weight: 300;\">,<strong> Caroline Brouillette, directrice ex\u00e9cutive du R\u00e9seau action climat Canada<\/strong>, a publi\u00e9 la d\u00e9claration suivante :\u00a0<\/span><\/p>\n<blockquote>\n<p><span style=\"font-weight: 300;\">\u00ab\u00a0Nous sommes encourag\u00e9s de voir le Parti lib\u00e9ral inclure des investissements dans des projets d\u2019\u00e9lectricit\u00e9 renouvelable comme \u00e9l\u00e9ment essentiel pour notre souverainet\u00e9 et notre \u00e9conomie. Le soleil et le vent sont des ressources libres et abondantes que Donald Trump ne peut utiliser contre nous. Alors, utilisons-les et construisons les infrastructures n\u00e9cessaires \u00e0 un r\u00e9seau \u00e9lectrique national d\u2019est en ouest. Les Canadien.ne.s pourraient alors b\u00e9n\u00e9ficier d\u2019une \u00e9lectricit\u00e9 plus abordable et plus fiable &#8211; en plus de renforcer notre\u00a0 souverainet\u00e9 \u00e9nerg\u00e9tique. Mieux encore, des dizaines de milliers d\u2019emplois durables seraient alors cr\u00e9\u00e9s : \u00e0 court terme pour la construction de lignes de transport interprovinciales, \u00e0 long terme pour l\u2019entretien du r\u00e9seau.\u00a0\u00a0<\/span><\/p>\n<p><span style=\"font-weight: 300;\">\u00ab\u00a0Les r\u00e9f\u00e9rences \u00e0 des investissements dans les \u00ab \u00e9nergies conventionnelles \u00bb laissent toutefois planer beaucoup d\u2019incertitudes. Si \u00e7a signifie maintenir le statu quo en mati\u00e8re d&rsquo;expansion en mati\u00e8re d\u2019expansion de l\u2019exploitation des \u00e9nergies fossiles, cela voudrait dire construire des pipelines traversant des terres et territoires autochtones, investir des milliards dans des projets qui ne seront pas rentables, et des cons\u00e9quences climatiques d\u00e9sastreuses caus\u00e9es par des \u00e9missions qui nous hanteront sous la forme d\u2019inondations et de feux de for\u00eat.\u00a0<\/span><\/p>\n<p><span style=\"font-weight: 300;\">\u00ab Nous avons besoin que le premier ministre Mark Carney et le Parti lib\u00e9ral soient clairs : les \u00e9nergies fossiles nous rendent plus vuln\u00e9rables. Les \u00e9nergies renouvelables sont essentielles pour notre s\u00e9curit\u00e9. Une approche qui opte pour\u00a0 \u00ab tous les choix de r\u00e9ponse \u00bb ne marche tout simplement pas. \u00bb<\/span><\/p>\n<\/blockquote>\n<p><span style=\"font-weight: 300;\">Analyse des points saillants:<\/span><\/p>\n<ul>\n<li style=\"font-weight: 300;\" aria-level=\"1\"><i><span style=\"font-weight: 300;\">Sur l\u2019engagement de \u00ab\u00a0[doubler] le Programme de garanties de pr\u00eats pour les Autochtones de 5 \u00e0 10 milliards de dollars, et [l\u2019\u00e9largir] afin de soutenir un plus grand nombre de projets d\u2019infrastructure, de transport et de commerce dirig\u00e9s par des Autochtones partout au pays<\/span><\/i><span style=\"font-weight: 300;\"> \u00bb\u00a0: Il est essentiel de soutenir le leadership des communaut\u00e9s autochtones dans des projets d&rsquo;infrastructure \u00e9nerg\u00e9tique. Les programmes de garanties de pr\u00eats offrent plus d\u2019opportunit\u00e9s aux nations qui d\u00e9sirent poursuivre leur vision de la souverainet\u00e9 \u00e9nerg\u00e9tique. Les communaut\u00e9s autochtones <\/span><a href=\"https:\/\/institutclimatique.ca\/wp-content\/uploads\/2022\/02\/ICE-report-FRENCH-FINAL.pdf\"><span style=\"font-weight: 300;\">sont d\u00e9j\u00e0 \u00e0 l&rsquo;avant-garde<\/span><\/a><span style=\"font-weight: 300;\"> de la transition vers l&rsquo;\u00e9nergie propre, et un financement suppl\u00e9mentaire permettrait en effet d&rsquo;acc\u00e9l\u00e9rer ce processus. Cependant, les projets de pipelines \u00e0 haut risque, et leurs activit\u00e9s en amont, pourraient monopoliser les programmes de pr\u00eats et priver les nations ayant un int\u00e9r\u00eat pour des projets \u00e0 faible risques, tels que la production d&rsquo;\u00e9lectricit\u00e9 et de batteries et des projets de distribution, d\u2019un soutien essentiel. Par exemple, si les co\u00fbts du gazoduc Prince Rupert Gas Transmission, dont la Nation Nisga&rsquo;a est copropri\u00e9taire, d\u00e9passent les pr\u00e9visions budg\u00e9taires, comme ce f\u00fbt le cas pour le projet d&rsquo;expansion de Trans Mountain, le budget total se verrait alors consid\u00e9rablement plus \u00e9lev\u00e9, ce qui n\u00e9cessitera une garantie de pr\u00eat beaucoup plus importante.<\/span><\/li>\n<\/ul>\n<ul>\n<li style=\"font-weight: 300;\" aria-level=\"1\"><i><span style=\"font-weight: 300;\">Sur l&rsquo;engagement de \u00ab\u00a0[conclure] des Ententes de coop\u00e9ration et de substitution avec toutes les provinces, territoires et Corps dirigeants autochtones, afin que les projets fassent l\u2019objet d\u2019une seule \u00e9valuation, conforme aux normes environnementales et aux obligations de consultation autochtone\u00a0\u00bb <\/span><\/i><span style=\"font-weight: 300;\">: CAN-Rac soutient les efforts visant \u00e0 coordonner les \u00e9valuations de projets entre toutes les juridictions concern\u00e9es au Canada. Cependant, cela ne doit pas se faire au d\u00e9triment de la rigueur n\u00e9cessaire pour une protection ad\u00e9quate des eaux, des terres, des esp\u00e8ces, des personnes et du climat. La version finale du R\u00e8glement sur l\u2019entente de coadministration des \u00e9valuations d\u2019impact avec les Autochtones doit faciliter la coop\u00e9ration et la substitution aux instances de gouvernances autochtones d&rsquo;une mani\u00e8re qui respecte les connaissances, les lois et les comp\u00e9tences des communaut\u00e9s autochtones en mati\u00e8re d&rsquo;environnement. Cette approche coordonn\u00e9e doit permettre d&rsquo;am\u00e9liorer les r\u00e9gimes provinciaux d&rsquo;\u00e9valuation environnementale dans l&rsquo;ensemble du pays afin de garantir que les normes fix\u00e9es par la <\/span><i><span style=\"font-weight: 300;\">Loi sur l\u2019\u00e9valuation d\u2019impact <\/span><\/i><span style=\"font-weight: 300;\">sont respect\u00e9es dans l&rsquo;ensemble du pays pour prot\u00e9ger l&rsquo;environnement et d\u00e9fendre les droits des peuples autochtones.<\/span><\/li>\n<\/ul>\n<ul>\n<li style=\"font-weight: 300;\" aria-level=\"1\"><i><span style=\"font-weight: 300;\">Sur l\u2019engagement de \u00ab\u00a0[cr\u00e9er] un Bureau des grands projets f\u00e9d\u00e9raux dot\u00e9 d\u2019un nouveau mandat visant \u00e0 mettre en oeuvre le principe \u00ab Un projet, une \u00e9valuation \u00bb en rendant une d\u00e9cision sur les projets majeurs dans un d\u00e9lai de deux ans plut\u00f4t que cinq, tout en respectant pleinement l\u2019int\u00e9grit\u00e9 environnementale et les droits des peuples autochtones\u00a0\u00bb<\/span><\/i><span style=\"font-weight: 300;\"> : Cet engagement doit mettre la responsabilit\u00e9 de r\u00e9aliser des \u00e9tudes et analyses ad\u00e9quates de futurs projets sur les promoteurs peser afin qu&rsquo;ils puissent s\u2019asseoir \u00e0 la table avec le nouveau Bureau ayant en main un projet bien inform\u00e9 et bien \u00e9tabli. La plupart des retards des projets sont dus en grande partie aux demandes des promoteurs qui souhaitent obtenir plus de temps de la part du gouvernement pour entreprendre des \u00e9tudes suppl\u00e9mentaires afin de mieux comprendre les impacts potentiels de leurs projets sur l&rsquo;environnement, les esp\u00e8ces en danger, les oiseaux migrateurs et les droits des peuples autochtones.<\/span><span style=\"font-weight: 300;\"><br \/>\n<\/span><span style=\"font-weight: 300;\">Ces consid\u00e9rations ne peuvent \u00eatre abandonn\u00e9es. En outre, le principe \u00ab\u00a0un projet, une \u00e9valuation\u00a0\u00bb est r\u00e9ciproque et exige des promoteurs qu&rsquo;ils d\u00e9finissent ad\u00e9quatement la port\u00e9e de leur proposition de projet afin d&rsquo;y inclure toutes les \u00e9l\u00e9ments n\u00e9cessaires de leur projet dans une seule proposition, y compris toutes les routes n\u00e9cessaires pour relier le site du projet \u00e0 l&rsquo;infrastructure de transport existante.<\/span><\/li>\n<\/ul>\n<ul>\n<li style=\"font-weight: 300;\" aria-level=\"1\"><i><span style=\"font-weight: 300;\">Sur l\u2019engagement \u00e0 \u00ab\u00a0Acc\u00e9l\u00e9rer la mise sur le march\u00e9 des min\u00e9raux critiques canadiens\u00a0\u00bb : <\/span><\/i><a href=\"https:\/\/climatenetwork.org\/resource\/civil-society-recommendations-for-the-united-nations-secretary-generals-panel-on-critical-energy-transition-minerals\/\"><span style=\"font-weight: 300;\">L&rsquo;extraction des min\u00e9raux <\/span><\/a><span style=\"font-weight: 300;\">est n\u00e9cessaire \u00e0 une \u00e9conomie propre, mais elle doit s&rsquo;inscrire dans le cadre d&rsquo;un effort visant \u00e0 am\u00e9liorer radicalement l&rsquo;efficacit\u00e9 et la sobri\u00e9t\u00e9 \u00e9nerg\u00e9tiques du Canada. Le gouvernement f\u00e9d\u00e9ral doit d\u2019autant plus respecter la souverainet\u00e9 des peuples autochtones sur les terres et territoires qu&rsquo;ils occupent et prot\u00e8gent depuis des temps imm\u00e9moriaux. Cela implique un v\u00e9ritable engagement \u00e0 respecter le consentement libre, pr\u00e9alable et \u00e9clair\u00e9 des communaut\u00e9s autochtones concern\u00e9es par les projets d&rsquo;exploitation mini\u00e8re, y compris dans la r\u00e9gion du Cercle de feu. Il s&rsquo;agit aussi de respecter les situations dans lesquelles les communaut\u00e9s autochtones choisissent de ne pas consentir \u00e0 un projet qui porterait un pr\u00e9judice irr\u00e9parable \u00e0 leur territoire et modifierait fondamentalement leur mode de vie.<\/span><\/li>\n<\/ul>\n<p style=\"text-align: center;\"><span style=\"font-weight: 400;\">-30-<\/span><\/p>\n<p><b><i>Climate Action Network \u2013 R\u00e9seau action climat (CAN-Rac) Canada<\/i><\/b><i><span style=\"font-weight: 400;\"> est le plus vaste r\u00e9seau d\u2019organisations travaillant sur les questions li\u00e9es aux changements climatiques et \u00e0 l\u2019\u00e9nergie au Canada. Il s\u2019agit d\u2019une coalition de 180 organisations op\u00e9rant d\u2019un oc\u00e9an \u00e0 l\u2019autre. Nos membres rassemblent des groupes environnementaux, des syndicats, des Premi\u00e8res Nations, des organisations de justice sociale, de d\u00e9veloppement, de sant\u00e9 et de jeunesse, des groupes religieux et des initiatives locales.<\/span><\/i><\/p>\n<p><b>Pour plus d\u2019informations ou pour organiser une entrevue, contactez :<\/b><\/p>\n<p><span style=\"font-weight: 400;\">Vicky Coo, Directrice des communications<br \/>\n<\/span><a href=\"mailto:comms@climateactionnetwork.ca\"><span style=\"font-weight: 400;\">comms@climateactionnetwork.ca<\/span><\/a><span style=\"font-weight: 400;\">\u00a0<\/span><\/p>\n<\/div><\/div><style type=\"text\/css\">.fusion-body .fusion-builder-column-0{width:100% !important;margin-top : 0px;margin-bottom : 20px;}.fusion-builder-column-0 > .fusion-column-wrapper {padding-top : 0px !important;padding-right : 0px !important;margin-right : 1.92%;padding-bottom : 0px !important;padding-left : 0px !important;margin-left : 1.92%;}@media only screen and (max-width:1024px) {.fusion-body .fusion-builder-column-0{width:100% !important;order : 0;}.fusion-builder-column-0 > .fusion-column-wrapper {margin-right : 1.92%;margin-left : 1.92%;}}@media only screen and (max-width:800px) {.fusion-body .fusion-builder-column-0{width:100% !important;order : 0;}.fusion-builder-column-0 > .fusion-column-wrapper {margin-right : 1.92%;margin-left : 1.92%;}}<\/style><\/div><\/div><style type=\"text\/css\">.fusion-body .fusion-flex-container.fusion-builder-row-1{ padding-top : 0px;margin-top : 0px;padding-right : 0px;padding-bottom : 0px;margin-bottom : 0px;padding-left : 0px;}<\/style><\/div>\n","protected":false},"excerpt":{"rendered":"","protected":false},"author":18,"featured_media":49591,"comment_status":"closed","ping_status":"closed","sticky":false,"template":"","format":"standard","meta":{"inline_featured_image":false,"footnotes":"","_wp_rev_ctl_limit":""},"categories":[64],"tags":[84],"class_list":["post-49592","post","type-post","status-publish","format-standard","has-post-thumbnail","hentry","category-press-release-fr","tag-elections-2025"],"acf":[],"yoast_head":"<!-- This site is optimized with the Yoast SEO plugin v27.3 - https:\/\/yoast.com\/product\/yoast-seo-wordpress\/ -->\n<title>L&#039;annonce du plan \u00e9nerg\u00e9tique du Parti liberal souligne l&#039;importance d&#039;investir dans une \u00e9lectricit\u00e9 propre, mais laisse la question de l&#039;expansion des \u00e9nergies fossiles sans r\u00e9ponse - Climate Action Network Canada (CAN-Rac)<\/title>\n<meta name=\"description\" content=\"La directrice ex\u00e9cutive du R\u00e9seau action climat Canada r\u00e9agit \u00e0 l\u2019annonce du plan \u00e9nerg\u00e9tique du Parti lib\u00e9ral du Canada.\" \/>\n<meta name=\"robots\" content=\"index, follow, max-snippet:-1, max-image-preview:large, max-video-preview:-1\" \/>\n<link rel=\"canonical\" href=\"https:\/\/climateactionnetwork.ca\/fr\/lannonce-du-plan-energetique-du-parti-liberal-souligne-limportance-dinvestir-dans-une-electricite-propre-mais-laisse-la-question-de-lexpansion-des-energies-fossiles-sans-reponse\/\" \/>\n<meta property=\"og:locale\" content=\"fr_FR\" \/>\n<meta property=\"og:type\" content=\"article\" \/>\n<meta property=\"og:title\" content=\"L&#039;annonce du plan \u00e9nerg\u00e9tique du Parti liberal souligne l&#039;importance d&#039;investir dans une \u00e9lectricit\u00e9 propre, mais laisse la question de l&#039;expansion des \u00e9nergies fossiles sans r\u00e9ponse - Climate Action Network Canada (CAN-Rac)\" \/>\n<meta property=\"og:description\" content=\"La directrice ex\u00e9cutive du R\u00e9seau action climat Canada r\u00e9agit \u00e0 l\u2019annonce du plan \u00e9nerg\u00e9tique du Parti lib\u00e9ral du Canada.\" \/>\n<meta property=\"og:url\" content=\"https:\/\/climateactionnetwork.ca\/fr\/lannonce-du-plan-energetique-du-parti-liberal-souligne-limportance-dinvestir-dans-une-electricite-propre-mais-laisse-la-question-de-lexpansion-des-energies-fossiles-sans-reponse\/\" \/>\n<meta property=\"og:site_name\" content=\"Climate Action Network Canada (CAN-Rac)\" \/>\n<meta property=\"article:publisher\" content=\"https:\/\/www.facebook.com\/climate.action.network.canada\" \/>\n<meta property=\"article:published_time\" content=\"2025-04-09T22:39:32+00:00\" \/>\n<meta property=\"article:modified_time\" content=\"2025-04-17T19:37:05+00:00\" \/>\n<meta property=\"og:image\" content=\"https:\/\/climateactionnetwork.ca\/wp-content\/uploads\/News-Release-Cover-Photos-4-1024x512.png\" \/>\n\t<meta property=\"og:image:width\" content=\"1024\" \/>\n\t<meta property=\"og:image:height\" content=\"512\" \/>\n\t<meta property=\"og:image:type\" content=\"image\/png\" \/>\n<meta name=\"author\" content=\"CAN-Rac\" \/>\n<meta name=\"twitter:card\" content=\"summary_large_image\" \/>\n<meta name=\"twitter:creator\" content=\"@CANRacCanada\" \/>\n<meta name=\"twitter:site\" content=\"@CANRacCanada\" \/>\n<meta name=\"twitter:label1\" content=\"\u00c9crit par\" \/>\n\t<meta name=\"twitter:data1\" content=\"CAN-Rac\" \/>\n\t<meta name=\"twitter:label2\" content=\"Dur\u00e9e de lecture estim\u00e9e\" \/>\n\t<meta name=\"twitter:data2\" content=\"6 minutes\" \/>\n<script type=\"application\/ld+json\" class=\"yoast-schema-graph\">{\"@context\":\"https:\\\/\\\/schema.org\",\"@graph\":[{\"@type\":\"Article\",\"@id\":\"https:\\\/\\\/climateactionnetwork.ca\\\/fr\\\/lannonce-du-plan-energetique-du-parti-liberal-souligne-limportance-dinvestir-dans-une-electricite-propre-mais-laisse-la-question-de-lexpansion-des-energies-fossiles-sans-reponse\\\/#article\",\"isPartOf\":{\"@id\":\"https:\\\/\\\/climateactionnetwork.ca\\\/fr\\\/lannonce-du-plan-energetique-du-parti-liberal-souligne-limportance-dinvestir-dans-une-electricite-propre-mais-laisse-la-question-de-lexpansion-des-energies-fossiles-sans-reponse\\\/\"},\"author\":{\"name\":\"CAN-Rac\",\"@id\":\"https:\\\/\\\/climateactionnetwork.ca\\\/#\\\/schema\\\/person\\\/ee167c68d6795b69a871eaec781d82b6\"},\"headline\":\"L&rsquo;annonce du plan \u00e9nerg\u00e9tique du Parti liberal souligne l&rsquo;importance d&rsquo;investir dans une \u00e9lectricit\u00e9 propre, mais laisse la question de l&rsquo;expansion des \u00e9nergies fossiles sans r\u00e9ponse\",\"datePublished\":\"2025-04-09T22:39:32+00:00\",\"dateModified\":\"2025-04-17T19:37:05+00:00\",\"mainEntityOfPage\":{\"@id\":\"https:\\\/\\\/climateactionnetwork.ca\\\/fr\\\/lannonce-du-plan-energetique-du-parti-liberal-souligne-limportance-dinvestir-dans-une-electricite-propre-mais-laisse-la-question-de-lexpansion-des-energies-fossiles-sans-reponse\\\/\"},\"wordCount\":1996,\"publisher\":{\"@id\":\"https:\\\/\\\/climateactionnetwork.ca\\\/#organization\"},\"image\":{\"@id\":\"https:\\\/\\\/climateactionnetwork.ca\\\/fr\\\/lannonce-du-plan-energetique-du-parti-liberal-souligne-limportance-dinvestir-dans-une-electricite-propre-mais-laisse-la-question-de-lexpansion-des-energies-fossiles-sans-reponse\\\/#primaryimage\"},\"thumbnailUrl\":\"https:\\\/\\\/climateactionnetwork.ca\\\/wp-content\\\/uploads\\\/News-Release-Cover-Photos-4.png\",\"keywords\":[\"\u00e9lections 2025\"],\"articleSection\":[\"Communiqu\u00e9 de presse\"],\"inLanguage\":\"fr-FR\"},{\"@type\":\"WebPage\",\"@id\":\"https:\\\/\\\/climateactionnetwork.ca\\\/fr\\\/lannonce-du-plan-energetique-du-parti-liberal-souligne-limportance-dinvestir-dans-une-electricite-propre-mais-laisse-la-question-de-lexpansion-des-energies-fossiles-sans-reponse\\\/\",\"url\":\"https:\\\/\\\/climateactionnetwork.ca\\\/fr\\\/lannonce-du-plan-energetique-du-parti-liberal-souligne-limportance-dinvestir-dans-une-electricite-propre-mais-laisse-la-question-de-lexpansion-des-energies-fossiles-sans-reponse\\\/\",\"name\":\"L'annonce du plan \u00e9nerg\u00e9tique du Parti liberal souligne l'importance d'investir dans une \u00e9lectricit\u00e9 propre, mais laisse la question de l'expansion des \u00e9nergies fossiles sans r\u00e9ponse - Climate Action Network Canada (CAN-Rac)\",\"isPartOf\":{\"@id\":\"https:\\\/\\\/climateactionnetwork.ca\\\/#website\"},\"primaryImageOfPage\":{\"@id\":\"https:\\\/\\\/climateactionnetwork.ca\\\/fr\\\/lannonce-du-plan-energetique-du-parti-liberal-souligne-limportance-dinvestir-dans-une-electricite-propre-mais-laisse-la-question-de-lexpansion-des-energies-fossiles-sans-reponse\\\/#primaryimage\"},\"image\":{\"@id\":\"https:\\\/\\\/climateactionnetwork.ca\\\/fr\\\/lannonce-du-plan-energetique-du-parti-liberal-souligne-limportance-dinvestir-dans-une-electricite-propre-mais-laisse-la-question-de-lexpansion-des-energies-fossiles-sans-reponse\\\/#primaryimage\"},\"thumbnailUrl\":\"https:\\\/\\\/climateactionnetwork.ca\\\/wp-content\\\/uploads\\\/News-Release-Cover-Photos-4.png\",\"datePublished\":\"2025-04-09T22:39:32+00:00\",\"dateModified\":\"2025-04-17T19:37:05+00:00\",\"description\":\"La directrice ex\u00e9cutive du R\u00e9seau action climat Canada r\u00e9agit \u00e0 l\u2019annonce du plan \u00e9nerg\u00e9tique du Parti lib\u00e9ral du Canada.\",\"breadcrumb\":{\"@id\":\"https:\\\/\\\/climateactionnetwork.ca\\\/fr\\\/lannonce-du-plan-energetique-du-parti-liberal-souligne-limportance-dinvestir-dans-une-electricite-propre-mais-laisse-la-question-de-lexpansion-des-energies-fossiles-sans-reponse\\\/#breadcrumb\"},\"inLanguage\":\"fr-FR\",\"potentialAction\":[{\"@type\":\"ReadAction\",\"target\":[\"https:\\\/\\\/climateactionnetwork.ca\\\/fr\\\/lannonce-du-plan-energetique-du-parti-liberal-souligne-limportance-dinvestir-dans-une-electricite-propre-mais-laisse-la-question-de-lexpansion-des-energies-fossiles-sans-reponse\\\/\"]}]},{\"@type\":\"ImageObject\",\"inLanguage\":\"fr-FR\",\"@id\":\"https:\\\/\\\/climateactionnetwork.ca\\\/fr\\\/lannonce-du-plan-energetique-du-parti-liberal-souligne-limportance-dinvestir-dans-une-electricite-propre-mais-laisse-la-question-de-lexpansion-des-energies-fossiles-sans-reponse\\\/#primaryimage\",\"url\":\"https:\\\/\\\/climateactionnetwork.ca\\\/wp-content\\\/uploads\\\/News-Release-Cover-Photos-4.png\",\"contentUrl\":\"https:\\\/\\\/climateactionnetwork.ca\\\/wp-content\\\/uploads\\\/News-Release-Cover-Photos-4.png\",\"width\":1950,\"height\":975},{\"@type\":\"BreadcrumbList\",\"@id\":\"https:\\\/\\\/climateactionnetwork.ca\\\/fr\\\/lannonce-du-plan-energetique-du-parti-liberal-souligne-limportance-dinvestir-dans-une-electricite-propre-mais-laisse-la-question-de-lexpansion-des-energies-fossiles-sans-reponse\\\/#breadcrumb\",\"itemListElement\":[{\"@type\":\"ListItem\",\"position\":1,\"name\":\"Home\",\"item\":\"https:\\\/\\\/climateactionnetwork.ca\\\/fr\\\/\"},{\"@type\":\"ListItem\",\"position\":2,\"name\":\"L&#8217;annonce du plan \u00e9nerg\u00e9tique du Parti liberal souligne l&#8217;importance d&#8217;investir dans une \u00e9lectricit\u00e9 propre, mais laisse la question de l&#8217;expansion des \u00e9nergies fossiles sans r\u00e9ponse\"}]},{\"@type\":\"WebSite\",\"@id\":\"https:\\\/\\\/climateactionnetwork.ca\\\/#website\",\"url\":\"https:\\\/\\\/climateactionnetwork.ca\\\/\",\"name\":\"Climate Action Network Canada (CAN-Rac)\",\"description\":\"Climate Action Network Canada (CAN-Rac)\",\"publisher\":{\"@id\":\"https:\\\/\\\/climateactionnetwork.ca\\\/#organization\"},\"potentialAction\":[{\"@type\":\"SearchAction\",\"target\":{\"@type\":\"EntryPoint\",\"urlTemplate\":\"https:\\\/\\\/climateactionnetwork.ca\\\/?s={search_term_string}\"},\"query-input\":{\"@type\":\"PropertyValueSpecification\",\"valueRequired\":true,\"valueName\":\"search_term_string\"}}],\"inLanguage\":\"fr-FR\"},{\"@type\":\"Organization\",\"@id\":\"https:\\\/\\\/climateactionnetwork.ca\\\/#organization\",\"name\":\"Climate Action Network - R\u00e9seau action climat Canada\",\"alternateName\":\"CAN-Rac\",\"url\":\"https:\\\/\\\/climateactionnetwork.ca\\\/\",\"logo\":{\"@type\":\"ImageObject\",\"inLanguage\":\"fr-FR\",\"@id\":\"https:\\\/\\\/climateactionnetwork.ca\\\/#\\\/schema\\\/logo\\\/image\\\/\",\"url\":\"https:\\\/\\\/climateactionnetwork.ca\\\/wp-content\\\/uploads\\\/CAN-Rac-Canada-logo-cmyk-png-transparent.png\",\"contentUrl\":\"https:\\\/\\\/climateactionnetwork.ca\\\/wp-content\\\/uploads\\\/CAN-Rac-Canada-logo-cmyk-png-transparent.png\",\"width\":1181,\"height\":1181,\"caption\":\"Climate Action Network - R\u00e9seau action climat Canada\"},\"image\":{\"@id\":\"https:\\\/\\\/climateactionnetwork.ca\\\/#\\\/schema\\\/logo\\\/image\\\/\"},\"sameAs\":[\"https:\\\/\\\/www.facebook.com\\\/climate.action.network.canada\",\"https:\\\/\\\/x.com\\\/CANRacCanada\"]},{\"@type\":\"Person\",\"@id\":\"https:\\\/\\\/climateactionnetwork.ca\\\/#\\\/schema\\\/person\\\/ee167c68d6795b69a871eaec781d82b6\",\"name\":\"CAN-Rac\",\"image\":{\"@type\":\"ImageObject\",\"inLanguage\":\"fr-FR\",\"@id\":\"https:\\\/\\\/secure.gravatar.com\\\/avatar\\\/a62440e942a6e9ea94b0a1b3eb25deed149b82fa34e2fa4f5a019fbaf71048ea?s=96&d=mm&r=g\",\"url\":\"https:\\\/\\\/secure.gravatar.com\\\/avatar\\\/a62440e942a6e9ea94b0a1b3eb25deed149b82fa34e2fa4f5a019fbaf71048ea?s=96&d=mm&r=g\",\"contentUrl\":\"https:\\\/\\\/secure.gravatar.com\\\/avatar\\\/a62440e942a6e9ea94b0a1b3eb25deed149b82fa34e2fa4f5a019fbaf71048ea?s=96&d=mm&r=g\",\"caption\":\"CAN-Rac\"},\"url\":\"https:\\\/\\\/climateactionnetwork.ca\\\/fr\\\/author\\\/editor\\\/\"}]}<\/script>\n<!-- \/ Yoast SEO plugin. -->","yoast_head_json":{"title":"L'annonce du plan \u00e9nerg\u00e9tique du Parti liberal souligne l'importance d'investir dans une \u00e9lectricit\u00e9 propre, mais laisse la question de l'expansion des \u00e9nergies fossiles sans r\u00e9ponse - Climate Action Network Canada (CAN-Rac)","description":"La directrice ex\u00e9cutive du R\u00e9seau action climat Canada r\u00e9agit \u00e0 l\u2019annonce du plan \u00e9nerg\u00e9tique du Parti lib\u00e9ral du Canada.","robots":{"index":"index","follow":"follow","max-snippet":"max-snippet:-1","max-image-preview":"max-image-preview:large","max-video-preview":"max-video-preview:-1"},"canonical":"https:\/\/climateactionnetwork.ca\/fr\/lannonce-du-plan-energetique-du-parti-liberal-souligne-limportance-dinvestir-dans-une-electricite-propre-mais-laisse-la-question-de-lexpansion-des-energies-fossiles-sans-reponse\/","og_locale":"fr_FR","og_type":"article","og_title":"L'annonce du plan \u00e9nerg\u00e9tique du Parti liberal souligne l'importance d'investir dans une \u00e9lectricit\u00e9 propre, mais laisse la question de l'expansion des \u00e9nergies fossiles sans r\u00e9ponse - Climate Action Network Canada (CAN-Rac)","og_description":"La directrice ex\u00e9cutive du R\u00e9seau action climat Canada r\u00e9agit \u00e0 l\u2019annonce du plan \u00e9nerg\u00e9tique du Parti lib\u00e9ral du Canada.","og_url":"https:\/\/climateactionnetwork.ca\/fr\/lannonce-du-plan-energetique-du-parti-liberal-souligne-limportance-dinvestir-dans-une-electricite-propre-mais-laisse-la-question-de-lexpansion-des-energies-fossiles-sans-reponse\/","og_site_name":"Climate Action Network Canada (CAN-Rac)","article_publisher":"https:\/\/www.facebook.com\/climate.action.network.canada","article_published_time":"2025-04-09T22:39:32+00:00","article_modified_time":"2025-04-17T19:37:05+00:00","og_image":[{"width":1024,"height":512,"url":"https:\/\/climateactionnetwork.ca\/wp-content\/uploads\/News-Release-Cover-Photos-4-1024x512.png","type":"image\/png"}],"author":"CAN-Rac","twitter_card":"summary_large_image","twitter_creator":"@CANRacCanada","twitter_site":"@CANRacCanada","twitter_misc":{"\u00c9crit par":"CAN-Rac","Dur\u00e9e de lecture estim\u00e9e":"6 minutes"},"schema":{"@context":"https:\/\/schema.org","@graph":[{"@type":"Article","@id":"https:\/\/climateactionnetwork.ca\/fr\/lannonce-du-plan-energetique-du-parti-liberal-souligne-limportance-dinvestir-dans-une-electricite-propre-mais-laisse-la-question-de-lexpansion-des-energies-fossiles-sans-reponse\/#article","isPartOf":{"@id":"https:\/\/climateactionnetwork.ca\/fr\/lannonce-du-plan-energetique-du-parti-liberal-souligne-limportance-dinvestir-dans-une-electricite-propre-mais-laisse-la-question-de-lexpansion-des-energies-fossiles-sans-reponse\/"},"author":{"name":"CAN-Rac","@id":"https:\/\/climateactionnetwork.ca\/#\/schema\/person\/ee167c68d6795b69a871eaec781d82b6"},"headline":"L&rsquo;annonce du plan \u00e9nerg\u00e9tique du Parti liberal souligne l&rsquo;importance d&rsquo;investir dans une \u00e9lectricit\u00e9 propre, mais laisse la question de l&rsquo;expansion des \u00e9nergies fossiles sans r\u00e9ponse","datePublished":"2025-04-09T22:39:32+00:00","dateModified":"2025-04-17T19:37:05+00:00","mainEntityOfPage":{"@id":"https:\/\/climateactionnetwork.ca\/fr\/lannonce-du-plan-energetique-du-parti-liberal-souligne-limportance-dinvestir-dans-une-electricite-propre-mais-laisse-la-question-de-lexpansion-des-energies-fossiles-sans-reponse\/"},"wordCount":1996,"publisher":{"@id":"https:\/\/climateactionnetwork.ca\/#organization"},"image":{"@id":"https:\/\/climateactionnetwork.ca\/fr\/lannonce-du-plan-energetique-du-parti-liberal-souligne-limportance-dinvestir-dans-une-electricite-propre-mais-laisse-la-question-de-lexpansion-des-energies-fossiles-sans-reponse\/#primaryimage"},"thumbnailUrl":"https:\/\/climateactionnetwork.ca\/wp-content\/uploads\/News-Release-Cover-Photos-4.png","keywords":["\u00e9lections 2025"],"articleSection":["Communiqu\u00e9 de presse"],"inLanguage":"fr-FR"},{"@type":"WebPage","@id":"https:\/\/climateactionnetwork.ca\/fr\/lannonce-du-plan-energetique-du-parti-liberal-souligne-limportance-dinvestir-dans-une-electricite-propre-mais-laisse-la-question-de-lexpansion-des-energies-fossiles-sans-reponse\/","url":"https:\/\/climateactionnetwork.ca\/fr\/lannonce-du-plan-energetique-du-parti-liberal-souligne-limportance-dinvestir-dans-une-electricite-propre-mais-laisse-la-question-de-lexpansion-des-energies-fossiles-sans-reponse\/","name":"L'annonce du plan \u00e9nerg\u00e9tique du Parti liberal souligne l'importance d'investir dans une \u00e9lectricit\u00e9 propre, mais laisse la question de l'expansion des \u00e9nergies fossiles sans r\u00e9ponse - Climate Action Network Canada (CAN-Rac)","isPartOf":{"@id":"https:\/\/climateactionnetwork.ca\/#website"},"primaryImageOfPage":{"@id":"https:\/\/climateactionnetwork.ca\/fr\/lannonce-du-plan-energetique-du-parti-liberal-souligne-limportance-dinvestir-dans-une-electricite-propre-mais-laisse-la-question-de-lexpansion-des-energies-fossiles-sans-reponse\/#primaryimage"},"image":{"@id":"https:\/\/climateactionnetwork.ca\/fr\/lannonce-du-plan-energetique-du-parti-liberal-souligne-limportance-dinvestir-dans-une-electricite-propre-mais-laisse-la-question-de-lexpansion-des-energies-fossiles-sans-reponse\/#primaryimage"},"thumbnailUrl":"https:\/\/climateactionnetwork.ca\/wp-content\/uploads\/News-Release-Cover-Photos-4.png","datePublished":"2025-04-09T22:39:32+00:00","dateModified":"2025-04-17T19:37:05+00:00","description":"La directrice ex\u00e9cutive du R\u00e9seau action climat Canada r\u00e9agit \u00e0 l\u2019annonce du plan \u00e9nerg\u00e9tique du Parti lib\u00e9ral du Canada.","breadcrumb":{"@id":"https:\/\/climateactionnetwork.ca\/fr\/lannonce-du-plan-energetique-du-parti-liberal-souligne-limportance-dinvestir-dans-une-electricite-propre-mais-laisse-la-question-de-lexpansion-des-energies-fossiles-sans-reponse\/#breadcrumb"},"inLanguage":"fr-FR","potentialAction":[{"@type":"ReadAction","target":["https:\/\/climateactionnetwork.ca\/fr\/lannonce-du-plan-energetique-du-parti-liberal-souligne-limportance-dinvestir-dans-une-electricite-propre-mais-laisse-la-question-de-lexpansion-des-energies-fossiles-sans-reponse\/"]}]},{"@type":"ImageObject","inLanguage":"fr-FR","@id":"https:\/\/climateactionnetwork.ca\/fr\/lannonce-du-plan-energetique-du-parti-liberal-souligne-limportance-dinvestir-dans-une-electricite-propre-mais-laisse-la-question-de-lexpansion-des-energies-fossiles-sans-reponse\/#primaryimage","url":"https:\/\/climateactionnetwork.ca\/wp-content\/uploads\/News-Release-Cover-Photos-4.png","contentUrl":"https:\/\/climateactionnetwork.ca\/wp-content\/uploads\/News-Release-Cover-Photos-4.png","width":1950,"height":975},{"@type":"BreadcrumbList","@id":"https:\/\/climateactionnetwork.ca\/fr\/lannonce-du-plan-energetique-du-parti-liberal-souligne-limportance-dinvestir-dans-une-electricite-propre-mais-laisse-la-question-de-lexpansion-des-energies-fossiles-sans-reponse\/#breadcrumb","itemListElement":[{"@type":"ListItem","position":1,"name":"Home","item":"https:\/\/climateactionnetwork.ca\/fr\/"},{"@type":"ListItem","position":2,"name":"L&#8217;annonce du plan \u00e9nerg\u00e9tique du Parti liberal souligne l&#8217;importance d&#8217;investir dans une \u00e9lectricit\u00e9 propre, mais laisse la question de l&#8217;expansion des \u00e9nergies fossiles sans r\u00e9ponse"}]},{"@type":"WebSite","@id":"https:\/\/climateactionnetwork.ca\/#website","url":"https:\/\/climateactionnetwork.ca\/","name":"Climate Action Network Canada (CAN-Rac)","description":"Climate Action Network Canada (CAN-Rac)","publisher":{"@id":"https:\/\/climateactionnetwork.ca\/#organization"},"potentialAction":[{"@type":"SearchAction","target":{"@type":"EntryPoint","urlTemplate":"https:\/\/climateactionnetwork.ca\/?s={search_term_string}"},"query-input":{"@type":"PropertyValueSpecification","valueRequired":true,"valueName":"search_term_string"}}],"inLanguage":"fr-FR"},{"@type":"Organization","@id":"https:\/\/climateactionnetwork.ca\/#organization","name":"Climate Action Network - R\u00e9seau action climat Canada","alternateName":"CAN-Rac","url":"https:\/\/climateactionnetwork.ca\/","logo":{"@type":"ImageObject","inLanguage":"fr-FR","@id":"https:\/\/climateactionnetwork.ca\/#\/schema\/logo\/image\/","url":"https:\/\/climateactionnetwork.ca\/wp-content\/uploads\/CAN-Rac-Canada-logo-cmyk-png-transparent.png","contentUrl":"https:\/\/climateactionnetwork.ca\/wp-content\/uploads\/CAN-Rac-Canada-logo-cmyk-png-transparent.png","width":1181,"height":1181,"caption":"Climate Action Network - R\u00e9seau action climat Canada"},"image":{"@id":"https:\/\/climateactionnetwork.ca\/#\/schema\/logo\/image\/"},"sameAs":["https:\/\/www.facebook.com\/climate.action.network.canada","https:\/\/x.com\/CANRacCanada"]},{"@type":"Person","@id":"https:\/\/climateactionnetwork.ca\/#\/schema\/person\/ee167c68d6795b69a871eaec781d82b6","name":"CAN-Rac","image":{"@type":"ImageObject","inLanguage":"fr-FR","@id":"https:\/\/secure.gravatar.com\/avatar\/a62440e942a6e9ea94b0a1b3eb25deed149b82fa34e2fa4f5a019fbaf71048ea?s=96&d=mm&r=g","url":"https:\/\/secure.gravatar.com\/avatar\/a62440e942a6e9ea94b0a1b3eb25deed149b82fa34e2fa4f5a019fbaf71048ea?s=96&d=mm&r=g","contentUrl":"https:\/\/secure.gravatar.com\/avatar\/a62440e942a6e9ea94b0a1b3eb25deed149b82fa34e2fa4f5a019fbaf71048ea?s=96&d=mm&r=g","caption":"CAN-Rac"},"url":"https:\/\/climateactionnetwork.ca\/fr\/author\/editor\/"}]}},"_links":{"self":[{"href":"https:\/\/climateactionnetwork.ca\/fr\/wp-json\/wp\/v2\/posts\/49592","targetHints":{"allow":["GET"]}}],"collection":[{"href":"https:\/\/climateactionnetwork.ca\/fr\/wp-json\/wp\/v2\/posts"}],"about":[{"href":"https:\/\/climateactionnetwork.ca\/fr\/wp-json\/wp\/v2\/types\/post"}],"author":[{"embeddable":true,"href":"https:\/\/climateactionnetwork.ca\/fr\/wp-json\/wp\/v2\/users\/18"}],"replies":[{"embeddable":true,"href":"https:\/\/climateactionnetwork.ca\/fr\/wp-json\/wp\/v2\/comments?post=49592"}],"version-history":[{"count":6,"href":"https:\/\/climateactionnetwork.ca\/fr\/wp-json\/wp\/v2\/posts\/49592\/revisions"}],"predecessor-version":[{"id":49600,"href":"https:\/\/climateactionnetwork.ca\/fr\/wp-json\/wp\/v2\/posts\/49592\/revisions\/49600"}],"wp:featuredmedia":[{"embeddable":true,"href":"https:\/\/climateactionnetwork.ca\/fr\/wp-json\/wp\/v2\/media\/49591"}],"wp:attachment":[{"href":"https:\/\/climateactionnetwork.ca\/fr\/wp-json\/wp\/v2\/media?parent=49592"}],"wp:term":[{"taxonomy":"category","embeddable":true,"href":"https:\/\/climateactionnetwork.ca\/fr\/wp-json\/wp\/v2\/categories?post=49592"},{"taxonomy":"post_tag","embeddable":true,"href":"https:\/\/climateactionnetwork.ca\/fr\/wp-json\/wp\/v2\/tags?post=49592"}],"curies":[{"name":"wp","href":"https:\/\/api.w.org\/{rel}","templated":true}]}}