{"id":49491,"date":"2025-04-07T17:50:03","date_gmt":"2025-04-07T21:50:03","guid":{"rendered":"https:\/\/climateactionnetwork.ca\/le-reseau-action-climat-publie-ses-priorites-pour-lelection-federale-2025\/"},"modified":"2025-04-17T15:37:54","modified_gmt":"2025-04-17T19:37:54","slug":"le-reseau-action-climat-publie-ses-priorites-pour-lelection-federale-2025","status":"publish","type":"post","link":"https:\/\/climateactionnetwork.ca\/fr\/le-reseau-action-climat-publie-ses-priorites-pour-lelection-federale-2025\/","title":{"rendered":"Le R\u00e9seau action climat publie ses priorit\u00e9s pour l\u2019\u00e9lection f\u00e9d\u00e9rale 2025"},"content":{"rendered":"<div class=\"fusion-fullwidth fullwidth-box fusion-builder-row-1 fusion-flex-container has-pattern-background has-mask-background nonhundred-percent-fullwidth non-hundred-percent-height-scrolling\" style=\"background-color: rgba(255,255,255,0);background-position: center center;background-repeat: no-repeat;border-width: 0px 0px 0px 0px;border-color:var(--awb-color3);border-style:solid;\" ><div class=\"fusion-builder-row fusion-row fusion-flex-align-items-flex-start\" style=\"max-width:1352px;margin-left: calc(-4% \/ 2 );margin-right: calc(-4% \/ 2 );\"><div class=\"fusion-layout-column fusion_builder_column fusion-builder-column-0 fusion_builder_column_1_1 1_1 fusion-flex-column\"><div class=\"fusion-column-wrapper fusion-flex-justify-content-flex-start fusion-content-layout-column\" style=\"background-position:left top;background-repeat:no-repeat;-webkit-background-size:cover;-moz-background-size:cover;-o-background-size:cover;background-size:cover;padding: 0px 0px 0px 0px;\"><div class=\"fusion-text fusion-text-1\"><p><b>Territoires non c\u00e9d\u00e9s de la Nation algonquine anishinaabe\u00a0 [OTTAWA], 7 avril 2025 :<\/b><\/p>\n<p><span style=\"font-weight: 300;\">Aujourd\u2019hui, le R\u00e9seau action climat Canada (CAN-Rac) a publi\u00e9 <\/span><a href=\"https:\/\/climateactionnetwork.ca\/wp-content\/uploads\/Les-priorites-de-CAN-Rac-pour-lelection-2025-1.pdf\"><i><span style=\"font-weight: 300;\">Des solutions climatiques faites chez nous | Nos priorit\u00e9s pour l\u2019\u00e9lection 2025<\/span><\/i><\/a><span style=\"font-weight: 300;\"> qui pr\u00e9sente ses recommandations aux partis f\u00e9d\u00e9raux pour cette campagne \u00e9lectorale.\u00a0<\/span><\/p>\n<p><span style=\"font-weight: 300;\">Le plus vaste r\u00e9seau d\u2019organisations travaillant sur les questions li\u00e9es aux changements climatiques et \u00e0 l\u2019\u00e9nergie, CAN-Rac repr\u00e9sente plus de 180 organisations op\u00e9rant d\u2019un oc\u00e9an \u00e0 l\u2019autre, rassemblant des groupes environnementaux, des syndicats, des Premi\u00e8res Nations, des organisations de justice sociale, de d\u00e9veloppement, de sant\u00e9 et de jeunesse, des groupes religieux et des initiatives locales.<\/span><\/p>\n<blockquote>\n<p><span style=\"font-weight: 300;\">\u00ab\u00a0En cette p\u00e9riode \u00e9lectorale, le Canada est confront\u00e9 \u00e0 des d\u00e9fis plus urgents que jamais, mais a aussi une occasion unique de tracer sa propre voie vers un avenir plus r\u00e9silient\u00a0\u00bb, a d\u00e9clar\u00e9 <strong>Caroline Brouillette, directrice ex\u00e9cutive de CAN-Rac.<\/strong> \u00ab\u00a0Le prochain Premier ministre aura non seulement \u00e0 faire face \u00e0 l\u2019incertitude \u00e9conomique r\u00e9sultant des tarifs impos\u00e9s par les \u00c9tats-Unis, mais aussi aux risques d\u2019un multilat\u00e9ralisme en crise et aux impacts grandissants des changements climatiques.<\/span><\/p>\n<p><span style=\"font-weight: 300;\">\u00ab\u00a0Nos leaders ne doivent pas se plier aux demandes de l\u2019industrie d\u2019\u00e9nergies fossiles am\u00e9ricaine, imiter l\u2019approche politique toxique de Donald Trump ou de faire marche arri\u00e8re sur les avanc\u00e9es climatiques que nous avons difficilement r\u00e9alis\u00e9es. Nous appelons tous les partis \u00e0 d\u00e9finir une vision audacieuse pour diversifier notre \u00e9conomie par des solutions d\u2019ici, fiables et renouvelables.<\/span><\/p>\n<p><span style=\"font-weight: 300;\">\u00ab\u00a0Ce n\u2019est pas le temps de capituler; c\u2019est le temps d\u2019innover.\u00a0\u00bb<\/span><\/p>\n<\/blockquote>\n<p><span style=\"font-weight: 300;\">Nos priorit\u00e9s reposent sur six piliers :<\/span><\/p>\n<ol>\n<li style=\"font-weight: 300;\" aria-level=\"1\"><span style=\"font-weight: 300;\">Renforcer l\u2019ind\u00e9pendance \u00e9nerg\u00e9tique et \u00e9conomique du Canada en investissant dans des \u00e9nergies canadiennes fiables et renouvelables;<\/span><\/li>\n<li style=\"font-weight: 300;\" aria-level=\"1\"><span style=\"font-weight: 300;\">Consolider les avanc\u00e9es climatiques et environnementales du Canada;\u00a0<\/span><\/li>\n<li style=\"font-weight: 300;\" aria-level=\"1\"><span style=\"font-weight: 300;\">Assurer aux Canadien.ne.s un pr\u00e9sent et un avenir s\u00e9curitaire, sain et abordable;<\/span><\/li>\n<li style=\"font-weight: 300;\" aria-level=\"1\"><span style=\"font-weight: 300;\">Mettre les individus et les communaut\u00e9s au coeur des d\u00e9cisions politiques;<\/span><\/li>\n<li style=\"font-weight: 300;\" aria-level=\"1\"><span style=\"font-weight: 300;\">Prot\u00e9ger nos institutions publiques et s\u2019attaquer au pouvoir d\u00e9mesur\u00e9 et \u00e0 la cupidit\u00e9 des milliardaires;\u00a0<\/span><\/li>\n<li style=\"font-weight: 300;\" aria-level=\"1\"><span style=\"font-weight: 300;\">Promouvoir la coop\u00e9ration internationale dans un contexte de chaos et de conflits g\u00e9opolitiques.<\/span><\/li>\n<\/ol>\n<p><a href=\"https:\/\/climateactionnetwork.ca\/wp-content\/uploads\/Les-priorites-de-CAN-Rac-pour-lelection-2025-1.pdf\"><i><span style=\"font-weight: 300;\">Lire l\u2019int\u00e9gralit\u00e9 des priorit\u00e9s et recommandations ici.<\/span><\/i><\/a><\/p>\n<p style=\"text-align: center;\"><span style=\"font-weight: 400;\">-30-<\/span><\/p>\n<p><b><i>Climate Action Network \u2013 R\u00e9seau action climat (CAN-Rac) Canada<\/i><\/b><i><span style=\"font-weight: 400;\"> est le plus vaste r\u00e9seau d\u2019organisations travaillant sur les questions li\u00e9es aux changements climatiques et \u00e0 l\u2019\u00e9nergie au Canada. Il s\u2019agit d\u2019une coalition de 180 organisations op\u00e9rant d\u2019un oc\u00e9an \u00e0 l\u2019autre. Nos membres rassemblent des groupes environnementaux, des syndicats, des Premi\u00e8res Nations, des organisations de justice sociale, de d\u00e9veloppement, de sant\u00e9 et de jeunesse, des groupes religieux et des initiatives locales.<\/span><\/i><\/p>\n<p>&nbsp;<\/p>\n<p><b>Pour plus d\u2019informations ou pour organiser une entrevue, contactez :<\/b><\/p>\n<p><span style=\"font-weight: 400;\">Vicky Coo, Directrice des communications<br \/>\n<\/span><a href=\"mailto:comms@climateactionnetwork.ca\"><span style=\"font-weight: 400;\">comms@climateactionnetwork.ca<\/span><\/a><span style=\"font-weight: 400;\">\u00a0<\/span><\/p>\n<\/div><\/div><style type=\"text\/css\">.fusion-body .fusion-builder-column-0{width:100% !important;margin-top : 0px;margin-bottom : 20px;}.fusion-builder-column-0 > .fusion-column-wrapper {padding-top : 0px !important;padding-right : 0px !important;margin-right : 1.92%;padding-bottom : 0px !important;padding-left : 0px !important;margin-left : 1.92%;}@media only screen and (max-width:1024px) {.fusion-body .fusion-builder-column-0{width:100% !important;order : 0;}.fusion-builder-column-0 > .fusion-column-wrapper {margin-right : 1.92%;margin-left : 1.92%;}}@media only screen and (max-width:800px) {.fusion-body .fusion-builder-column-0{width:100% !important;order : 0;}.fusion-builder-column-0 > .fusion-column-wrapper {margin-right : 1.92%;margin-left : 1.92%;}}<\/style><\/div><\/div><style type=\"text\/css\">.fusion-body .fusion-flex-container.fusion-builder-row-1{ padding-top : 0px;margin-top : 0px;padding-right : 0px;padding-bottom : 0px;margin-bottom : 0px;padding-left : 0px;}<\/style><\/div>\n","protected":false},"excerpt":{"rendered":"","protected":false},"author":18,"featured_media":49478,"comment_status":"closed","ping_status":"closed","sticky":false,"template":"","format":"standard","meta":{"inline_featured_image":false,"footnotes":"","_wp_rev_ctl_limit":""},"categories":[64],"tags":[84],"class_list":["post-49491","post","type-post","status-publish","format-standard","has-post-thumbnail","hentry","category-press-release-fr","tag-elections-2025"],"acf":[],"yoast_head":"<!-- This site is optimized with the Yoast SEO plugin v27.3 - https:\/\/yoast.com\/product\/yoast-seo-wordpress\/ -->\n<title>Le R\u00e9seau action climat publie ses priorit\u00e9s pour l\u2019\u00e9lection f\u00e9d\u00e9rale 2025 - Climate Action Network Canada (CAN-Rac)<\/title>\n<meta name=\"description\" content=\"Aujourd\u2019hui, le R\u00e9seau action climat Canada a publi\u00e9 Des solutions climatiques faites chez nous | Nos priorit\u00e9s pour l\u2019\u00e9lection 2025 qui pr\u00e9sente ses recommandations aux partis f\u00e9d\u00e9raux pour cette campagne \u00e9lectorale.\" \/>\n<meta name=\"robots\" content=\"index, follow, max-snippet:-1, max-image-preview:large, max-video-preview:-1\" \/>\n<link rel=\"canonical\" href=\"https:\/\/climateactionnetwork.ca\/fr\/le-reseau-action-climat-publie-ses-priorites-pour-lelection-federale-2025\/\" \/>\n<meta property=\"og:locale\" content=\"fr_FR\" \/>\n<meta property=\"og:type\" content=\"article\" \/>\n<meta property=\"og:title\" content=\"Le R\u00e9seau action climat publie ses priorit\u00e9s pour l\u2019\u00e9lection f\u00e9d\u00e9rale 2025 - Climate Action Network Canada (CAN-Rac)\" \/>\n<meta property=\"og:description\" content=\"Aujourd\u2019hui, le R\u00e9seau action climat Canada a publi\u00e9 Des solutions climatiques faites chez nous | Nos priorit\u00e9s pour l\u2019\u00e9lection 2025 qui pr\u00e9sente ses recommandations aux partis f\u00e9d\u00e9raux pour cette campagne \u00e9lectorale.\" \/>\n<meta property=\"og:url\" content=\"https:\/\/climateactionnetwork.ca\/fr\/le-reseau-action-climat-publie-ses-priorites-pour-lelection-federale-2025\/\" \/>\n<meta property=\"og:site_name\" content=\"Climate Action Network Canada (CAN-Rac)\" \/>\n<meta property=\"article:publisher\" content=\"https:\/\/www.facebook.com\/climate.action.network.canada\" \/>\n<meta property=\"article:published_time\" content=\"2025-04-07T21:50:03+00:00\" \/>\n<meta property=\"article:modified_time\" content=\"2025-04-17T19:37:54+00:00\" \/>\n<meta property=\"og:image\" content=\"https:\/\/climateactionnetwork.ca\/wp-content\/uploads\/07-Apr-2025-Election-Priorities.png\" \/>\n\t<meta property=\"og:image:width\" content=\"1200\" \/>\n\t<meta property=\"og:image:height\" content=\"600\" \/>\n\t<meta property=\"og:image:type\" content=\"image\/png\" \/>\n<meta name=\"author\" content=\"CAN-Rac\" \/>\n<meta name=\"twitter:card\" content=\"summary_large_image\" \/>\n<meta name=\"twitter:creator\" content=\"@CANRacCanada\" \/>\n<meta name=\"twitter:site\" content=\"@CANRacCanada\" \/>\n<meta name=\"twitter:label1\" content=\"\u00c9crit par\" \/>\n\t<meta name=\"twitter:data1\" content=\"CAN-Rac\" \/>\n\t<meta name=\"twitter:label2\" content=\"Dur\u00e9e de lecture estim\u00e9e\" \/>\n\t<meta name=\"twitter:data2\" content=\"3 minutes\" \/>\n<script type=\"application\/ld+json\" class=\"yoast-schema-graph\">{\"@context\":\"https:\\\/\\\/schema.org\",\"@graph\":[{\"@type\":\"Article\",\"@id\":\"https:\\\/\\\/climateactionnetwork.ca\\\/fr\\\/le-reseau-action-climat-publie-ses-priorites-pour-lelection-federale-2025\\\/#article\",\"isPartOf\":{\"@id\":\"https:\\\/\\\/climateactionnetwork.ca\\\/fr\\\/le-reseau-action-climat-publie-ses-priorites-pour-lelection-federale-2025\\\/\"},\"author\":{\"name\":\"CAN-Rac\",\"@id\":\"https:\\\/\\\/climateactionnetwork.ca\\\/#\\\/schema\\\/person\\\/ee167c68d6795b69a871eaec781d82b6\"},\"headline\":\"Le R\u00e9seau action climat publie ses priorit\u00e9s pour l\u2019\u00e9lection f\u00e9d\u00e9rale 2025\",\"datePublished\":\"2025-04-07T21:50:03+00:00\",\"dateModified\":\"2025-04-17T19:37:54+00:00\",\"mainEntityOfPage\":{\"@id\":\"https:\\\/\\\/climateactionnetwork.ca\\\/fr\\\/le-reseau-action-climat-publie-ses-priorites-pour-lelection-federale-2025\\\/\"},\"wordCount\":1247,\"publisher\":{\"@id\":\"https:\\\/\\\/climateactionnetwork.ca\\\/#organization\"},\"image\":{\"@id\":\"https:\\\/\\\/climateactionnetwork.ca\\\/fr\\\/le-reseau-action-climat-publie-ses-priorites-pour-lelection-federale-2025\\\/#primaryimage\"},\"thumbnailUrl\":\"https:\\\/\\\/climateactionnetwork.ca\\\/wp-content\\\/uploads\\\/07-Apr-2025-Election-Priorities.png\",\"keywords\":[\"\u00e9lections 2025\"],\"articleSection\":[\"Communiqu\u00e9 de presse\"],\"inLanguage\":\"fr-FR\"},{\"@type\":\"WebPage\",\"@id\":\"https:\\\/\\\/climateactionnetwork.ca\\\/fr\\\/le-reseau-action-climat-publie-ses-priorites-pour-lelection-federale-2025\\\/\",\"url\":\"https:\\\/\\\/climateactionnetwork.ca\\\/fr\\\/le-reseau-action-climat-publie-ses-priorites-pour-lelection-federale-2025\\\/\",\"name\":\"Le R\u00e9seau action climat publie ses priorit\u00e9s pour l\u2019\u00e9lection f\u00e9d\u00e9rale 2025 - Climate Action Network Canada (CAN-Rac)\",\"isPartOf\":{\"@id\":\"https:\\\/\\\/climateactionnetwork.ca\\\/#website\"},\"primaryImageOfPage\":{\"@id\":\"https:\\\/\\\/climateactionnetwork.ca\\\/fr\\\/le-reseau-action-climat-publie-ses-priorites-pour-lelection-federale-2025\\\/#primaryimage\"},\"image\":{\"@id\":\"https:\\\/\\\/climateactionnetwork.ca\\\/fr\\\/le-reseau-action-climat-publie-ses-priorites-pour-lelection-federale-2025\\\/#primaryimage\"},\"thumbnailUrl\":\"https:\\\/\\\/climateactionnetwork.ca\\\/wp-content\\\/uploads\\\/07-Apr-2025-Election-Priorities.png\",\"datePublished\":\"2025-04-07T21:50:03+00:00\",\"dateModified\":\"2025-04-17T19:37:54+00:00\",\"description\":\"Aujourd\u2019hui, le R\u00e9seau action climat Canada a publi\u00e9 Des solutions climatiques faites chez nous | Nos priorit\u00e9s pour l\u2019\u00e9lection 2025 qui pr\u00e9sente ses recommandations aux partis f\u00e9d\u00e9raux pour cette campagne \u00e9lectorale.\",\"breadcrumb\":{\"@id\":\"https:\\\/\\\/climateactionnetwork.ca\\\/fr\\\/le-reseau-action-climat-publie-ses-priorites-pour-lelection-federale-2025\\\/#breadcrumb\"},\"inLanguage\":\"fr-FR\",\"potentialAction\":[{\"@type\":\"ReadAction\",\"target\":[\"https:\\\/\\\/climateactionnetwork.ca\\\/fr\\\/le-reseau-action-climat-publie-ses-priorites-pour-lelection-federale-2025\\\/\"]}]},{\"@type\":\"ImageObject\",\"inLanguage\":\"fr-FR\",\"@id\":\"https:\\\/\\\/climateactionnetwork.ca\\\/fr\\\/le-reseau-action-climat-publie-ses-priorites-pour-lelection-federale-2025\\\/#primaryimage\",\"url\":\"https:\\\/\\\/climateactionnetwork.ca\\\/wp-content\\\/uploads\\\/07-Apr-2025-Election-Priorities.png\",\"contentUrl\":\"https:\\\/\\\/climateactionnetwork.ca\\\/wp-content\\\/uploads\\\/07-Apr-2025-Election-Priorities.png\",\"width\":1200,\"height\":600},{\"@type\":\"BreadcrumbList\",\"@id\":\"https:\\\/\\\/climateactionnetwork.ca\\\/fr\\\/le-reseau-action-climat-publie-ses-priorites-pour-lelection-federale-2025\\\/#breadcrumb\",\"itemListElement\":[{\"@type\":\"ListItem\",\"position\":1,\"name\":\"Home\",\"item\":\"https:\\\/\\\/climateactionnetwork.ca\\\/fr\\\/\"},{\"@type\":\"ListItem\",\"position\":2,\"name\":\"Le R\u00e9seau action climat publie ses priorit\u00e9s pour l\u2019\u00e9lection f\u00e9d\u00e9rale 2025\"}]},{\"@type\":\"WebSite\",\"@id\":\"https:\\\/\\\/climateactionnetwork.ca\\\/#website\",\"url\":\"https:\\\/\\\/climateactionnetwork.ca\\\/\",\"name\":\"Climate Action Network Canada (CAN-Rac)\",\"description\":\"Climate Action Network Canada (CAN-Rac)\",\"publisher\":{\"@id\":\"https:\\\/\\\/climateactionnetwork.ca\\\/#organization\"},\"potentialAction\":[{\"@type\":\"SearchAction\",\"target\":{\"@type\":\"EntryPoint\",\"urlTemplate\":\"https:\\\/\\\/climateactionnetwork.ca\\\/?s={search_term_string}\"},\"query-input\":{\"@type\":\"PropertyValueSpecification\",\"valueRequired\":true,\"valueName\":\"search_term_string\"}}],\"inLanguage\":\"fr-FR\"},{\"@type\":\"Organization\",\"@id\":\"https:\\\/\\\/climateactionnetwork.ca\\\/#organization\",\"name\":\"Climate Action Network - R\u00e9seau action climat Canada\",\"alternateName\":\"CAN-Rac\",\"url\":\"https:\\\/\\\/climateactionnetwork.ca\\\/\",\"logo\":{\"@type\":\"ImageObject\",\"inLanguage\":\"fr-FR\",\"@id\":\"https:\\\/\\\/climateactionnetwork.ca\\\/#\\\/schema\\\/logo\\\/image\\\/\",\"url\":\"https:\\\/\\\/climateactionnetwork.ca\\\/wp-content\\\/uploads\\\/CAN-Rac-Canada-logo-cmyk-png-transparent.png\",\"contentUrl\":\"https:\\\/\\\/climateactionnetwork.ca\\\/wp-content\\\/uploads\\\/CAN-Rac-Canada-logo-cmyk-png-transparent.png\",\"width\":1181,\"height\":1181,\"caption\":\"Climate Action Network - R\u00e9seau action climat Canada\"},\"image\":{\"@id\":\"https:\\\/\\\/climateactionnetwork.ca\\\/#\\\/schema\\\/logo\\\/image\\\/\"},\"sameAs\":[\"https:\\\/\\\/www.facebook.com\\\/climate.action.network.canada\",\"https:\\\/\\\/x.com\\\/CANRacCanada\"]},{\"@type\":\"Person\",\"@id\":\"https:\\\/\\\/climateactionnetwork.ca\\\/#\\\/schema\\\/person\\\/ee167c68d6795b69a871eaec781d82b6\",\"name\":\"CAN-Rac\",\"image\":{\"@type\":\"ImageObject\",\"inLanguage\":\"fr-FR\",\"@id\":\"https:\\\/\\\/secure.gravatar.com\\\/avatar\\\/a62440e942a6e9ea94b0a1b3eb25deed149b82fa34e2fa4f5a019fbaf71048ea?s=96&d=mm&r=g\",\"url\":\"https:\\\/\\\/secure.gravatar.com\\\/avatar\\\/a62440e942a6e9ea94b0a1b3eb25deed149b82fa34e2fa4f5a019fbaf71048ea?s=96&d=mm&r=g\",\"contentUrl\":\"https:\\\/\\\/secure.gravatar.com\\\/avatar\\\/a62440e942a6e9ea94b0a1b3eb25deed149b82fa34e2fa4f5a019fbaf71048ea?s=96&d=mm&r=g\",\"caption\":\"CAN-Rac\"},\"url\":\"https:\\\/\\\/climateactionnetwork.ca\\\/fr\\\/author\\\/editor\\\/\"}]}<\/script>\n<!-- \/ Yoast SEO plugin. -->","yoast_head_json":{"title":"Le R\u00e9seau action climat publie ses priorit\u00e9s pour l\u2019\u00e9lection f\u00e9d\u00e9rale 2025 - Climate Action Network Canada (CAN-Rac)","description":"Aujourd\u2019hui, le R\u00e9seau action climat Canada a publi\u00e9 Des solutions climatiques faites chez nous | Nos priorit\u00e9s pour l\u2019\u00e9lection 2025 qui pr\u00e9sente ses recommandations aux partis f\u00e9d\u00e9raux pour cette campagne \u00e9lectorale.","robots":{"index":"index","follow":"follow","max-snippet":"max-snippet:-1","max-image-preview":"max-image-preview:large","max-video-preview":"max-video-preview:-1"},"canonical":"https:\/\/climateactionnetwork.ca\/fr\/le-reseau-action-climat-publie-ses-priorites-pour-lelection-federale-2025\/","og_locale":"fr_FR","og_type":"article","og_title":"Le R\u00e9seau action climat publie ses priorit\u00e9s pour l\u2019\u00e9lection f\u00e9d\u00e9rale 2025 - Climate Action Network Canada (CAN-Rac)","og_description":"Aujourd\u2019hui, le R\u00e9seau action climat Canada a publi\u00e9 Des solutions climatiques faites chez nous | Nos priorit\u00e9s pour l\u2019\u00e9lection 2025 qui pr\u00e9sente ses recommandations aux partis f\u00e9d\u00e9raux pour cette campagne \u00e9lectorale.","og_url":"https:\/\/climateactionnetwork.ca\/fr\/le-reseau-action-climat-publie-ses-priorites-pour-lelection-federale-2025\/","og_site_name":"Climate Action Network Canada (CAN-Rac)","article_publisher":"https:\/\/www.facebook.com\/climate.action.network.canada","article_published_time":"2025-04-07T21:50:03+00:00","article_modified_time":"2025-04-17T19:37:54+00:00","og_image":[{"width":1200,"height":600,"url":"https:\/\/climateactionnetwork.ca\/wp-content\/uploads\/07-Apr-2025-Election-Priorities.png","type":"image\/png"}],"author":"CAN-Rac","twitter_card":"summary_large_image","twitter_creator":"@CANRacCanada","twitter_site":"@CANRacCanada","twitter_misc":{"\u00c9crit par":"CAN-Rac","Dur\u00e9e de lecture estim\u00e9e":"3 minutes"},"schema":{"@context":"https:\/\/schema.org","@graph":[{"@type":"Article","@id":"https:\/\/climateactionnetwork.ca\/fr\/le-reseau-action-climat-publie-ses-priorites-pour-lelection-federale-2025\/#article","isPartOf":{"@id":"https:\/\/climateactionnetwork.ca\/fr\/le-reseau-action-climat-publie-ses-priorites-pour-lelection-federale-2025\/"},"author":{"name":"CAN-Rac","@id":"https:\/\/climateactionnetwork.ca\/#\/schema\/person\/ee167c68d6795b69a871eaec781d82b6"},"headline":"Le R\u00e9seau action climat publie ses priorit\u00e9s pour l\u2019\u00e9lection f\u00e9d\u00e9rale 2025","datePublished":"2025-04-07T21:50:03+00:00","dateModified":"2025-04-17T19:37:54+00:00","mainEntityOfPage":{"@id":"https:\/\/climateactionnetwork.ca\/fr\/le-reseau-action-climat-publie-ses-priorites-pour-lelection-federale-2025\/"},"wordCount":1247,"publisher":{"@id":"https:\/\/climateactionnetwork.ca\/#organization"},"image":{"@id":"https:\/\/climateactionnetwork.ca\/fr\/le-reseau-action-climat-publie-ses-priorites-pour-lelection-federale-2025\/#primaryimage"},"thumbnailUrl":"https:\/\/climateactionnetwork.ca\/wp-content\/uploads\/07-Apr-2025-Election-Priorities.png","keywords":["\u00e9lections 2025"],"articleSection":["Communiqu\u00e9 de presse"],"inLanguage":"fr-FR"},{"@type":"WebPage","@id":"https:\/\/climateactionnetwork.ca\/fr\/le-reseau-action-climat-publie-ses-priorites-pour-lelection-federale-2025\/","url":"https:\/\/climateactionnetwork.ca\/fr\/le-reseau-action-climat-publie-ses-priorites-pour-lelection-federale-2025\/","name":"Le R\u00e9seau action climat publie ses priorit\u00e9s pour l\u2019\u00e9lection f\u00e9d\u00e9rale 2025 - Climate Action Network Canada (CAN-Rac)","isPartOf":{"@id":"https:\/\/climateactionnetwork.ca\/#website"},"primaryImageOfPage":{"@id":"https:\/\/climateactionnetwork.ca\/fr\/le-reseau-action-climat-publie-ses-priorites-pour-lelection-federale-2025\/#primaryimage"},"image":{"@id":"https:\/\/climateactionnetwork.ca\/fr\/le-reseau-action-climat-publie-ses-priorites-pour-lelection-federale-2025\/#primaryimage"},"thumbnailUrl":"https:\/\/climateactionnetwork.ca\/wp-content\/uploads\/07-Apr-2025-Election-Priorities.png","datePublished":"2025-04-07T21:50:03+00:00","dateModified":"2025-04-17T19:37:54+00:00","description":"Aujourd\u2019hui, le R\u00e9seau action climat Canada a publi\u00e9 Des solutions climatiques faites chez nous | Nos priorit\u00e9s pour l\u2019\u00e9lection 2025 qui pr\u00e9sente ses recommandations aux partis f\u00e9d\u00e9raux pour cette campagne \u00e9lectorale.","breadcrumb":{"@id":"https:\/\/climateactionnetwork.ca\/fr\/le-reseau-action-climat-publie-ses-priorites-pour-lelection-federale-2025\/#breadcrumb"},"inLanguage":"fr-FR","potentialAction":[{"@type":"ReadAction","target":["https:\/\/climateactionnetwork.ca\/fr\/le-reseau-action-climat-publie-ses-priorites-pour-lelection-federale-2025\/"]}]},{"@type":"ImageObject","inLanguage":"fr-FR","@id":"https:\/\/climateactionnetwork.ca\/fr\/le-reseau-action-climat-publie-ses-priorites-pour-lelection-federale-2025\/#primaryimage","url":"https:\/\/climateactionnetwork.ca\/wp-content\/uploads\/07-Apr-2025-Election-Priorities.png","contentUrl":"https:\/\/climateactionnetwork.ca\/wp-content\/uploads\/07-Apr-2025-Election-Priorities.png","width":1200,"height":600},{"@type":"BreadcrumbList","@id":"https:\/\/climateactionnetwork.ca\/fr\/le-reseau-action-climat-publie-ses-priorites-pour-lelection-federale-2025\/#breadcrumb","itemListElement":[{"@type":"ListItem","position":1,"name":"Home","item":"https:\/\/climateactionnetwork.ca\/fr\/"},{"@type":"ListItem","position":2,"name":"Le R\u00e9seau action climat publie ses priorit\u00e9s pour l\u2019\u00e9lection f\u00e9d\u00e9rale 2025"}]},{"@type":"WebSite","@id":"https:\/\/climateactionnetwork.ca\/#website","url":"https:\/\/climateactionnetwork.ca\/","name":"Climate Action Network Canada (CAN-Rac)","description":"Climate Action Network Canada (CAN-Rac)","publisher":{"@id":"https:\/\/climateactionnetwork.ca\/#organization"},"potentialAction":[{"@type":"SearchAction","target":{"@type":"EntryPoint","urlTemplate":"https:\/\/climateactionnetwork.ca\/?s={search_term_string}"},"query-input":{"@type":"PropertyValueSpecification","valueRequired":true,"valueName":"search_term_string"}}],"inLanguage":"fr-FR"},{"@type":"Organization","@id":"https:\/\/climateactionnetwork.ca\/#organization","name":"Climate Action Network - R\u00e9seau action climat Canada","alternateName":"CAN-Rac","url":"https:\/\/climateactionnetwork.ca\/","logo":{"@type":"ImageObject","inLanguage":"fr-FR","@id":"https:\/\/climateactionnetwork.ca\/#\/schema\/logo\/image\/","url":"https:\/\/climateactionnetwork.ca\/wp-content\/uploads\/CAN-Rac-Canada-logo-cmyk-png-transparent.png","contentUrl":"https:\/\/climateactionnetwork.ca\/wp-content\/uploads\/CAN-Rac-Canada-logo-cmyk-png-transparent.png","width":1181,"height":1181,"caption":"Climate Action Network - R\u00e9seau action climat Canada"},"image":{"@id":"https:\/\/climateactionnetwork.ca\/#\/schema\/logo\/image\/"},"sameAs":["https:\/\/www.facebook.com\/climate.action.network.canada","https:\/\/x.com\/CANRacCanada"]},{"@type":"Person","@id":"https:\/\/climateactionnetwork.ca\/#\/schema\/person\/ee167c68d6795b69a871eaec781d82b6","name":"CAN-Rac","image":{"@type":"ImageObject","inLanguage":"fr-FR","@id":"https:\/\/secure.gravatar.com\/avatar\/a62440e942a6e9ea94b0a1b3eb25deed149b82fa34e2fa4f5a019fbaf71048ea?s=96&d=mm&r=g","url":"https:\/\/secure.gravatar.com\/avatar\/a62440e942a6e9ea94b0a1b3eb25deed149b82fa34e2fa4f5a019fbaf71048ea?s=96&d=mm&r=g","contentUrl":"https:\/\/secure.gravatar.com\/avatar\/a62440e942a6e9ea94b0a1b3eb25deed149b82fa34e2fa4f5a019fbaf71048ea?s=96&d=mm&r=g","caption":"CAN-Rac"},"url":"https:\/\/climateactionnetwork.ca\/fr\/author\/editor\/"}]}},"_links":{"self":[{"href":"https:\/\/climateactionnetwork.ca\/fr\/wp-json\/wp\/v2\/posts\/49491","targetHints":{"allow":["GET"]}}],"collection":[{"href":"https:\/\/climateactionnetwork.ca\/fr\/wp-json\/wp\/v2\/posts"}],"about":[{"href":"https:\/\/climateactionnetwork.ca\/fr\/wp-json\/wp\/v2\/types\/post"}],"author":[{"embeddable":true,"href":"https:\/\/climateactionnetwork.ca\/fr\/wp-json\/wp\/v2\/users\/18"}],"replies":[{"embeddable":true,"href":"https:\/\/climateactionnetwork.ca\/fr\/wp-json\/wp\/v2\/comments?post=49491"}],"version-history":[{"count":7,"href":"https:\/\/climateactionnetwork.ca\/fr\/wp-json\/wp\/v2\/posts\/49491\/revisions"}],"predecessor-version":[{"id":49500,"href":"https:\/\/climateactionnetwork.ca\/fr\/wp-json\/wp\/v2\/posts\/49491\/revisions\/49500"}],"wp:featuredmedia":[{"embeddable":true,"href":"https:\/\/climateactionnetwork.ca\/fr\/wp-json\/wp\/v2\/media\/49478"}],"wp:attachment":[{"href":"https:\/\/climateactionnetwork.ca\/fr\/wp-json\/wp\/v2\/media?parent=49491"}],"wp:term":[{"taxonomy":"category","embeddable":true,"href":"https:\/\/climateactionnetwork.ca\/fr\/wp-json\/wp\/v2\/categories?post=49491"},{"taxonomy":"post_tag","embeddable":true,"href":"https:\/\/climateactionnetwork.ca\/fr\/wp-json\/wp\/v2\/tags?post=49491"}],"curies":[{"name":"wp","href":"https:\/\/api.w.org\/{rel}","templated":true}]}}