{"id":48194,"date":"2021-01-13T16:46:40","date_gmt":"2021-01-13T21:46:40","guid":{"rendered":"https:\/\/climateactionnetwork.ca\/?p=48194"},"modified":"2023-10-30T16:49:20","modified_gmt":"2023-10-30T20:49:20","slug":"nouveau-rapport-le-quebec-loin-de-faire-sa-juste-part-de-leffort-climatique-mondial","status":"publish","type":"post","link":"https:\/\/climateactionnetwork.ca\/fr\/nouveau-rapport-le-quebec-loin-de-faire-sa-juste-part-de-leffort-climatique-mondial\/","title":{"rendered":"Nouveau rapport &#8211; Le Qu\u00e9bec loin de faire sa juste part de l&rsquo;effort climatique mondial"},"content":{"rendered":"<div class=\"fusion-fullwidth fullwidth-box fusion-builder-row-1 fusion-flex-container has-pattern-background has-mask-background nonhundred-percent-fullwidth non-hundred-percent-height-scrolling\" style=\"background-color: rgba(255,255,255,0);background-position: center center;background-repeat: no-repeat;border-width: 0px 0px 0px 0px;border-color:var(--awb-color3);border-style:solid;\" ><div class=\"fusion-builder-row fusion-row fusion-flex-align-items-flex-start\" style=\"max-width:1352px;margin-left: calc(-4% \/ 2 );margin-right: calc(-4% \/ 2 );\"><div class=\"fusion-layout-column fusion_builder_column fusion-builder-column-0 fusion_builder_column_1_1 1_1 fusion-flex-column\"><div class=\"fusion-column-wrapper fusion-flex-justify-content-flex-start fusion-content-layout-column\" style=\"background-position:left top;background-repeat:no-repeat;-webkit-background-size:cover;-moz-background-size:cover;-o-background-size:cover;background-size:cover;padding: 0px 0px 0px 0px;\"><div class=\"fusion-text fusion-text-1\"><p><strong>Terres Kanien\u2019keh\u00e1:ka non-c\u00e9d\u00e9es [MONTR\u00c9AL], 13 janvier 2021<\/strong><\/p>\n<p>Le R\u00e9seau action climat Canada et des organisations membres et alli\u00e9es publient aujourd\u2019hui un\u00a0<a class=\"external-link\" title=\"This link will lead you to zenodo.org\" href=\"https:\/\/zenodo.org\/record\/4435691#.X_7bqJNKjNY\" target=\"\" rel=\"noopener\"><strong>rapport scientifique<\/strong><\/a><strong>\u00a0qui quantifie la juste part du Qu\u00e9bec de l\u2019effort mondial requis pour limiter l\u2019augmentation de la temp\u00e9rature<\/strong>\u00a0<strong>plan\u00e9taire \u00e0 1,5\u00b0C, tel que vis\u00e9 par l\u2019Accord de Paris<\/strong>.\u00a0Pour la premi\u00e8re fois, ce rapport pr\u00e9sente un calcul de la contribution du Qu\u00e9bec \u00e0 l\u2019effort climatique mondial bas\u00e9 sur des principes d\u2019\u00e9quit\u00e9, soit en fonction de sa responsabilit\u00e9 historique et de sa capacit\u00e9 financi\u00e8re. Alors que s\u2019amorce l\u2019ann\u00e9e de la tr\u00e8s attendue COP26 et que les \u00c9tats doivent pr\u00e9senter leurs contributions bonifi\u00e9es \u00e0 l\u2019Accord de Paris, ce rapport d\u00e9montre que le Qu\u00e9bec doit r\u00e9viser sa cible de r\u00e9duction des \u00e9missions de gaz \u00e0 effet de serre pour 2030, qui vise actuellement une r\u00e9duction de 37,5% d\u2019ici par rapport \u00e0 1990.<\/p>\n<p>Le constat du rapport est clair : l\u2019action climatique actuelle du Qu\u00e9bec n\u2019\u00e9quivaut pas \u00e0 sa juste part de l\u2019effort climatique mondial. Le rapport, r\u00e9alis\u00e9 par le<a class=\"external-link\" title=\"This link will lead you to climateequityreference.org\" href=\"https:\/\/climateequityreference.org\/\" target=\"\" rel=\"noopener\">\u00a0<em>Climate Equity Reference Project<\/em>,\u00a0<\/a>estime que la juste part du Qu\u00e9bec est sup\u00e9rieure au niveau actuel de ses \u00e9missions annuelles. Le rapport confirme \u00e9galement qu\u2019il n\u2019est pas possible pour le Qu\u00e9bec de fournir sa juste part par la seule r\u00e9duction des \u00e9missions domestiques; il devra \u00e9galement soutenir et augmenter ses contributions \u00e0 la finance climatique internationale.<\/p>\n<p>Pour d\u00e9terminer la part juste du Qu\u00e9bec, le rapport calcule sa responsabilit\u00e9 et sa capacit\u00e9 \u00e0 lutter contre les changements climatiques selon les crit\u00e8res \u00e9tablis par la Convention-cadre des Nations Unies, \u00e0 laquelle le Qu\u00e9bec s\u2019est d\u00e9clar\u00e9 li\u00e9 par d\u00e9cret en 1992. Par cons\u00e9quent, le statu quo n\u2019est tout simplement pas possible. Si le Qu\u00e9bec ne fait pas sa juste part \u00e0 l\u2019effort mondial, ces r\u00e9ductions devront \u00eatre effectu\u00e9es par d\u2019autres nations. Ou pire, elles se traduiront en augmentation des impacts sur les populations, en particulier celles des pays du Sud et les plus vuln\u00e9rables qui sont d\u00e9j\u00e0 affect\u00e9es de fa\u00e7on disproportionn\u00e9e par la crise climatique.<\/p>\n<p>En pr\u00e9vision de la prochaine Conf\u00e9rence des Nations unies sur les changements climatiques qui se d\u00e9roulera en novembre \u00e0 Glasgow, en \u00c9cosse, et alors que le Canada s\u2019appr\u00eate \u00e0 consulter les provinces et territoires dans la r\u00e9vision de sa\u00a0<a class=\"external-link\" title=\"This link will lead you to unfccc.int\" href=\"https:\/\/unfccc.int\/fr\/processus-et-reunions\/l-accord-de-paris\/l-accord-de-paris\/contributions-determinees-au-niveau-national-ndcs#:~:text=Les%20Contributions%20d%C3%A9termin%C3%A9es%20au%20niveau,aux%20effets%20du%20changement%20climatique.\" target=\"\" rel=\"noopener\">contribution d\u00e9termin\u00e9e au niveau national\u00a0<\/a>\u00e0 l\u2019Accord de Paris, les organisations exhortent le gouvernement du Qu\u00e9bec \u00e0 augmenter sa cible domestique de r\u00e9duction des \u00e9missions de 2030 et sa contribution \u00e0 la finance climatique internationale. Les groupes soulignent que la\u00a0<a class=\"external-link\" title=\"This link will lead you to www2.publicationsduquebec.gouv.qc.ca\" href=\"http:\/\/www2.publicationsduquebec.gouv.qc.ca\/dynamicSearch\/telecharge.php?type=5&amp;file=2020C19F.PDF\" target=\"\" rel=\"noopener\">loi 44<\/a>\u00a0sur la gouvernance climatique qui a \u00e9t\u00e9 sanctionn\u00e9e par Qu\u00e9bec cet automne pr\u00e9voit que la cible du Qu\u00e9bec \u00ab\u00a0doit \u00eatre r\u00e9vis\u00e9e au moins tous les cinq ans \u00bb. Celle de 2030 a \u00e9t\u00e9 adopt\u00e9e en 2015\u00a0et doit \u00eatre rapidement r\u00e9vis\u00e9e<strong>.\u00a0<\/strong>En ce sens, les groupes rappellent que le\u00a0<a class=\"external-link\" title=\"This link will lead you to unenvironment.org\" href=\"https:\/\/www.unenvironment.org\/fr\/actualites-et-recits\/communique-de-presse\/il-faut-reduire-les-emissions-mondiales-de-76-par-au\" target=\"\" rel=\"noopener\">Programme des Nations Unies pour l\u2019environnement<\/a>\u00a0\u00ab\u00a0pr\u00e9vient que si les \u00e9missions mondiales de gaz \u00e0 effet de serre ne diminuent pas de 7,6 % par an entre 2020 et 2030, le monde manquera l\u2019occasion de se mettre sur la bonne voie pour atteindre l\u2019objectif de limiter la hausse des temp\u00e9ratures \u00e0 1,5\u00b0C, fix\u00e9 par l\u2019Accord de Paris. \u00bb<\/p>\n<p>Ils rappellent \u00e9galement que les Qu\u00e9b\u00e9cois.e.s sont favorables \u00e0 un respect de la science du climat; en pleine pand\u00e9mie, un\u00a0<a class=\"pdf-link\" title=\"This link will open a PDF file\" href=\"https:\/\/www.lepacte.ca\/wp-content\/uploads\/2020\/11\/16121-019_Urgence_climatique_rapport.pdf\">sondage r\u00e9alis\u00e9 par la firme L\u00e9ger<\/a>\u00a0soulignait que 85 % des Qu\u00e9b\u00e9cois.es consid\u00e8rent que l\u2019urgence climatique est un enjeu aussi ou plus important encore qu\u2019en 2018.<br \/>\nLes changements climatiques sont une crise d\u2019\u00e9chelle mondiale; l\u2019action du Qu\u00e9bec ne peut \u00eatre \u00e9valu\u00e9e sans tenir compte des principes d\u2019\u00e9quit\u00e9.<\/p>\n<blockquote>\n<p><strong>Caroline Brouillette, analyste des politiques au R\u00e9seau action climat Canada<\/strong>, s\u2019est exclam\u00e9 : \u00ab La question de l\u2019\u00e9quit\u00e9 internationale est essentielle aux discussions sur l\u2019action climatique du Qu\u00e9bec. La crise climatique est une crise d\u2019envergure mondiale; le Qu\u00e9bec ne peut pas se permettre de niveler par le bas et se comparer seulement aux \u00c9tats de l\u2019Am\u00e9rique du Nord. Le Qu\u00e9bec a la responsabilit\u00e9 et la capacit\u00e9 de faire beaucoup plus, et devrait utiliser pleinement son potentiel pour agir comme un v\u00e9ritable leader climatique sur la sc\u00e8ne internationale d\u2019ici la COP26. \u00bb<\/p>\n<p><strong>Denis Bolduc, secr\u00e9taire g\u00e9n\u00e9ral de la F\u00e9d\u00e9ration des travailleurs et travailleuses du Qu\u00e9bec<\/strong>, a ajout\u00e9 : \u00ab Pour la FTQ, il est clair que la responsabilit\u00e9 du Qu\u00e9bec est l\u2019affaire de tous et de toutes. La soci\u00e9t\u00e9 civile qu\u00e9b\u00e9coise est pr\u00eate \u00e0 faire sa juste part, elle demande cependant un plus grand effort et surtout \u00e0 \u00eatre incluse dans les grandes orientations climatiques du Qu\u00e9bec. Pour les milieux de travail, cela ne peut que passer par une transition juste qui inclut les travailleurs et les travailleuses dans les d\u00e9cisions qui les concernent. \u00bb<\/p>\n<p>Pour<strong>\u00a0Mich\u00e8le Asselin, directrice g\u00e9n\u00e9rale de l\u2019AQOCI<\/strong>, \u00ab\u2009Les changements climatiques affectent tout le monde. Cependant, la crise actuelle a avant tout \u00e9t\u00e9 caus\u00e9e par les \u00c9tats du Nord et elle frappe de mani\u00e8re disproportionn\u00e9e les populations qui y ont le moins contribu\u00e9 et qui sont les plus vuln\u00e9rabilis\u00e9es et marginalis\u00e9es, particuli\u00e8rement les femmes, les jeunes, les autochtones et les populations des pays du Sud. Dans une perspective de justice climatique, le Qu\u00e9bec (comme les autres \u00c9tats du Nord) a la responsabilit\u00e9 et les moyens de faire plus en rehaussant sa cible de r\u00e9duction des GES et en participant au financement de la lutte aux changements climatiques \u00e0 l\u2019international. Bien que le Qu\u00e9bec ait d\u00e9j\u00e0 amorc\u00e9 cet effort, notamment \u00e0 travers son Programme de coop\u00e9ration climatique internationale (PCCI), le pr\u00e9sent rapport montre clairement qu\u2019il doit en faire davantage pour assumer sa juste part.\u2009\u00bb<\/p>\n<p><strong>Catherine Caron, agente principale des campagnes d\u2019Oxfam-Qu\u00e9bec\u00a0<\/strong>a pr\u00e9cis\u00e9 :\u00a0\u00ab Les financements climat repr\u00e9sentent une bou\u00e9e de sauvetage pour les pays pauvres luttant contre les cons\u00e9quences d\u2019une crise climatique dont ils ne sont pas responsables. Les communaut\u00e9s d\u00e9favoris\u00e9es, d\u00e9j\u00e0 confront\u00e9es \u00e0 un nombre sans pr\u00e9c\u00e9dent de canicules, de temp\u00eates et d\u2019inondations d\u00e9vastatrices, paient le prix de la surconsommation d\u2019une minorit\u00e9 fortun\u00e9e. Les changements climatiques ne s\u2019arr\u00eatent pas aux fronti\u00e8res et n\u00e9cessitent une coop\u00e9ration sans pr\u00e9c\u00e9dent. L\u2019action climatique du Qu\u00e9bec doit tenir compte des principes d\u2019\u00e9quit\u00e9, car pour gagner la lutte climatique, c\u2019est le seul calcul qui importe.\u00a0\u00bb<\/p>\n<p>Quant \u00e0 elle,\u00a0<strong>Sabaa Khan, directrice g\u00e9n\u00e9rale pour le Qu\u00e9bec et l\u2019Atlantique de la Fondation David Suzuki\u00a0<\/strong>a dit \u00ab La science d\u00e9montre sans \u00e9quivoque que les cibles climatiques actuelles du Qu\u00e9bec ne repr\u00e9sentent qu\u2019un quart de sa \u00ab\u202fjuste part\u202f\u00bb dans la lutte internationale contre les changements climatiques. Pourtant, les principes de justice climatique, d\u2019\u00e9quit\u00e9 et de responsabilit\u00e9 historique, ancr\u00e9s profond\u00e9ment dans l\u2019Accord de Paris, imposent l\u2019obligation au gouvernement du Qu\u00e9bec de renforcer ses engagements internationaux, en poursuivant une d\u00e9carbonisation domestique beaucoup plus rigoureuse, et dans l\u2019imm\u00e9diat. Cela permettra non seulement au Qu\u00e9bec de maintenir son r\u00f4le de chef de file sur le plan mondial, mais \u00e9galement d\u2019agir \u00e0 titre de catalyseur de l\u2019innovation sociale et \u00e9conomique, en vue d\u2019augmenter le bien-\u00eatre humain sur notre territoire, et au-del\u00e0.\u00bb<\/p>\n<p><strong>Patrick Bonin, responsable de la campagne Climat-\u00c9nergie de Greenpeace Canada\u00a0<\/strong>a rench\u00e9ri : \u00ab 2021 est cruciale pour respecter l\u2019Accord de Paris alors que les \u00c9tats, incluant le Qu\u00e9bec, doivent renforcer leurs engagements climatiques. Le gouvernement Legault doit rapidement bonifier son Plan vert qui n\u2019atteint que 42% de sa cible de r\u00e9duction des GES pour 2030 et adopter, d\u2019ici la COP26 en novembre, une nouvelle cible plus ambitieuse de mani\u00e8re \u00e0 faire sa juste part et respecter les exigences de la science du climat. \u00bb<\/p>\n<p><strong>\u00c9mile Boisseau-Bouvier, analyste des politiques climatiques d\u2019\u00c9quiterre,\u00a0<\/strong>a pr\u00e9cis\u00e9 :\u00a0\u00ab\u00a0Le gouvernement du Qu\u00e9bec a tout ce qu\u2019il faut pour se positionner comme un leader en mati\u00e8re de lutte aux changements climatiques, que ce soit sur la sc\u00e8ne f\u00e9d\u00e9rale ou \u00e0 l\u2019international. Il doit donc saisir cette opportunit\u00e9 en int\u00e9grant le concept de juste part et en mettant en place des outils pour permettre l\u2019atteinte de ses cibles. Nous avons ce qu\u2019il faut pour \u00eatre des premiers de classe sur la question, ne nous contentons pas de la note de passage.\u00a0\u00bb<\/p>\n<p><strong>Alice-Anne Simard, directrice g\u00e9n\u00e9rale de Nature Qu\u00e9bec\u00a0<\/strong>a conclut qu\u2019\u00ab\u00a0en tant qu\u2019\u00c9tat d\u00e9velopp\u00e9 qui s\u2019est enrichi en exploitant les ressources naturelles et en polluant l\u2019atmosph\u00e8re plan\u00e9taire, le Qu\u00e9bec a le devoir d\u2019en faire plus pour que l\u2019humanit\u00e9 r\u00e9duise ses \u00e9missions de 50% d\u2019ici 2030 comme le recommande le GIEC. Nous avons aussi en main toutes les ressources et la technologie n\u00e9cessaires pour avoir une cible plus ambitieuse et l\u2019atteindre en 10 ans. Nous devons maintenant faire notre juste part et soutenir les pays les plus touch\u00e9s par la crise climatique.\u00a0\u00bb<\/p>\n<\/blockquote>\n<p class=\"has-text-align-center\" style=\"text-align: center;\"><strong>\u2013 30 \u2013\u00a0<\/strong><\/p>\n<p><strong>Pour plus d\u2019informations, veuillez contacter :\u00a0<\/strong><\/p>\n<p>Caroline Brouillette, Analyste des politiques, Campagnes domestiques et Communaut\u00e9s francophones<br \/>\ncarolinebrouillette@climateactionnetwork.ca<\/p>\n<\/div><\/div><style type=\"text\/css\">.fusion-body .fusion-builder-column-0{width:100% !important;margin-top : 0px;margin-bottom : 20px;}.fusion-builder-column-0 > .fusion-column-wrapper {padding-top : 0px !important;padding-right : 0px !important;margin-right : 1.92%;padding-bottom : 0px !important;padding-left : 0px !important;margin-left : 1.92%;}@media only screen and (max-width:1024px) {.fusion-body .fusion-builder-column-0{width:100% !important;order : 0;}.fusion-builder-column-0 > .fusion-column-wrapper {margin-right : 1.92%;margin-left : 1.92%;}}@media only screen and (max-width:800px) {.fusion-body .fusion-builder-column-0{width:100% !important;order : 0;}.fusion-builder-column-0 > .fusion-column-wrapper {margin-right : 1.92%;margin-left : 1.92%;}}<\/style><\/div><\/div><style type=\"text\/css\">.fusion-body .fusion-flex-container.fusion-builder-row-1{ padding-top : 0px;margin-top : 0px;padding-right : 0px;padding-bottom : 0px;margin-bottom : 0px;padding-left : 0px;}<\/style><\/div>\n","protected":false},"excerpt":{"rendered":"","protected":false},"author":12,"featured_media":0,"comment_status":"closed","ping_status":"closed","sticky":false,"template":"","format":"standard","meta":{"inline_featured_image":false,"footnotes":"","_wp_rev_ctl_limit":""},"categories":[64],"tags":[],"class_list":["post-48194","post","type-post","status-publish","format-standard","hentry","category-press-release-fr"],"acf":[],"yoast_head":"<!-- This site is optimized with the Yoast SEO plugin v27.3 - https:\/\/yoast.com\/product\/yoast-seo-wordpress\/ -->\n<title>Nouveau rapport - Le Qu\u00e9bec loin de faire sa juste part de l&#039;effort climatique mondial - Climate Action Network Canada (CAN-Rac)<\/title>\n<meta name=\"robots\" content=\"index, follow, max-snippet:-1, max-image-preview:large, max-video-preview:-1\" \/>\n<link rel=\"canonical\" href=\"https:\/\/climateactionnetwork.ca\/fr\/nouveau-rapport-le-quebec-loin-de-faire-sa-juste-part-de-leffort-climatique-mondial\/\" \/>\n<meta property=\"og:locale\" content=\"fr_FR\" \/>\n<meta property=\"og:type\" content=\"article\" \/>\n<meta property=\"og:title\" content=\"Nouveau rapport - Le Qu\u00e9bec loin de faire sa juste part de l&#039;effort climatique mondial - Climate Action Network Canada (CAN-Rac)\" \/>\n<meta property=\"og:url\" content=\"https:\/\/climateactionnetwork.ca\/fr\/nouveau-rapport-le-quebec-loin-de-faire-sa-juste-part-de-leffort-climatique-mondial\/\" \/>\n<meta property=\"og:site_name\" content=\"Climate Action Network Canada (CAN-Rac)\" \/>\n<meta property=\"article:publisher\" content=\"https:\/\/www.facebook.com\/climate.action.network.canada\" \/>\n<meta property=\"article:published_time\" content=\"2021-01-13T21:46:40+00:00\" \/>\n<meta property=\"article:modified_time\" content=\"2023-10-30T20:49:20+00:00\" \/>\n<meta property=\"og:image\" content=\"https:\/\/climateactionnetwork.ca\/wp-content\/uploads\/iStock-1337469312-scaled.jpg\" \/>\n\t<meta property=\"og:image:width\" content=\"2560\" \/>\n\t<meta property=\"og:image:height\" content=\"1705\" \/>\n\t<meta property=\"og:image:type\" content=\"image\/jpeg\" \/>\n<meta name=\"author\" content=\"CAN-Rac\" \/>\n<meta name=\"twitter:card\" content=\"summary_large_image\" \/>\n<meta name=\"twitter:creator\" content=\"@CANRacCanada\" \/>\n<meta name=\"twitter:site\" content=\"@CANRacCanada\" \/>\n<meta name=\"twitter:label1\" content=\"\u00c9crit par\" \/>\n\t<meta name=\"twitter:data1\" content=\"CAN-Rac\" \/>\n\t<meta name=\"twitter:label2\" content=\"Dur\u00e9e de lecture estim\u00e9e\" \/>\n\t<meta name=\"twitter:data2\" content=\"4 minutes\" \/>\n<script type=\"application\/ld+json\" class=\"yoast-schema-graph\">{\"@context\":\"https:\\\/\\\/schema.org\",\"@graph\":[{\"@type\":\"Article\",\"@id\":\"https:\\\/\\\/climateactionnetwork.ca\\\/fr\\\/nouveau-rapport-le-quebec-loin-de-faire-sa-juste-part-de-leffort-climatique-mondial\\\/#article\",\"isPartOf\":{\"@id\":\"https:\\\/\\\/climateactionnetwork.ca\\\/fr\\\/nouveau-rapport-le-quebec-loin-de-faire-sa-juste-part-de-leffort-climatique-mondial\\\/\"},\"author\":{\"name\":\"CAN-Rac\",\"@id\":\"https:\\\/\\\/climateactionnetwork.ca\\\/#\\\/schema\\\/person\\\/4ad4602d984a4c22eeeda686b9ed4b11\"},\"headline\":\"Nouveau rapport &#8211; Le Qu\u00e9bec loin de faire sa juste part de l&rsquo;effort climatique mondial\",\"datePublished\":\"2021-01-13T21:46:40+00:00\",\"dateModified\":\"2023-10-30T20:49:20+00:00\",\"mainEntityOfPage\":{\"@id\":\"https:\\\/\\\/climateactionnetwork.ca\\\/fr\\\/nouveau-rapport-le-quebec-loin-de-faire-sa-juste-part-de-leffort-climatique-mondial\\\/\"},\"wordCount\":2368,\"publisher\":{\"@id\":\"https:\\\/\\\/climateactionnetwork.ca\\\/#organization\"},\"articleSection\":[\"Communiqu\u00e9 de presse\"],\"inLanguage\":\"fr-FR\"},{\"@type\":\"WebPage\",\"@id\":\"https:\\\/\\\/climateactionnetwork.ca\\\/fr\\\/nouveau-rapport-le-quebec-loin-de-faire-sa-juste-part-de-leffort-climatique-mondial\\\/\",\"url\":\"https:\\\/\\\/climateactionnetwork.ca\\\/fr\\\/nouveau-rapport-le-quebec-loin-de-faire-sa-juste-part-de-leffort-climatique-mondial\\\/\",\"name\":\"Nouveau rapport - Le Qu\u00e9bec loin de faire sa juste part de l'effort climatique mondial - Climate Action Network Canada (CAN-Rac)\",\"isPartOf\":{\"@id\":\"https:\\\/\\\/climateactionnetwork.ca\\\/#website\"},\"datePublished\":\"2021-01-13T21:46:40+00:00\",\"dateModified\":\"2023-10-30T20:49:20+00:00\",\"breadcrumb\":{\"@id\":\"https:\\\/\\\/climateactionnetwork.ca\\\/fr\\\/nouveau-rapport-le-quebec-loin-de-faire-sa-juste-part-de-leffort-climatique-mondial\\\/#breadcrumb\"},\"inLanguage\":\"fr-FR\",\"potentialAction\":[{\"@type\":\"ReadAction\",\"target\":[\"https:\\\/\\\/climateactionnetwork.ca\\\/fr\\\/nouveau-rapport-le-quebec-loin-de-faire-sa-juste-part-de-leffort-climatique-mondial\\\/\"]}]},{\"@type\":\"BreadcrumbList\",\"@id\":\"https:\\\/\\\/climateactionnetwork.ca\\\/fr\\\/nouveau-rapport-le-quebec-loin-de-faire-sa-juste-part-de-leffort-climatique-mondial\\\/#breadcrumb\",\"itemListElement\":[{\"@type\":\"ListItem\",\"position\":1,\"name\":\"Home\",\"item\":\"https:\\\/\\\/climateactionnetwork.ca\\\/fr\\\/\"},{\"@type\":\"ListItem\",\"position\":2,\"name\":\"Nouveau rapport &#8211; Le Qu\u00e9bec loin de faire sa juste part de l&#8217;effort climatique mondial\"}]},{\"@type\":\"WebSite\",\"@id\":\"https:\\\/\\\/climateactionnetwork.ca\\\/#website\",\"url\":\"https:\\\/\\\/climateactionnetwork.ca\\\/\",\"name\":\"Climate Action Network Canada (CAN-Rac)\",\"description\":\"Climate Action Network Canada (CAN-Rac)\",\"publisher\":{\"@id\":\"https:\\\/\\\/climateactionnetwork.ca\\\/#organization\"},\"potentialAction\":[{\"@type\":\"SearchAction\",\"target\":{\"@type\":\"EntryPoint\",\"urlTemplate\":\"https:\\\/\\\/climateactionnetwork.ca\\\/?s={search_term_string}\"},\"query-input\":{\"@type\":\"PropertyValueSpecification\",\"valueRequired\":true,\"valueName\":\"search_term_string\"}}],\"inLanguage\":\"fr-FR\"},{\"@type\":\"Organization\",\"@id\":\"https:\\\/\\\/climateactionnetwork.ca\\\/#organization\",\"name\":\"Climate Action Network - R\u00e9seau action climat Canada\",\"alternateName\":\"CAN-Rac\",\"url\":\"https:\\\/\\\/climateactionnetwork.ca\\\/\",\"logo\":{\"@type\":\"ImageObject\",\"inLanguage\":\"fr-FR\",\"@id\":\"https:\\\/\\\/climateactionnetwork.ca\\\/#\\\/schema\\\/logo\\\/image\\\/\",\"url\":\"https:\\\/\\\/climateactionnetwork.ca\\\/wp-content\\\/uploads\\\/CAN-Rac-Canada-logo-cmyk-png-transparent.png\",\"contentUrl\":\"https:\\\/\\\/climateactionnetwork.ca\\\/wp-content\\\/uploads\\\/CAN-Rac-Canada-logo-cmyk-png-transparent.png\",\"width\":1181,\"height\":1181,\"caption\":\"Climate Action Network - R\u00e9seau action climat Canada\"},\"image\":{\"@id\":\"https:\\\/\\\/climateactionnetwork.ca\\\/#\\\/schema\\\/logo\\\/image\\\/\"},\"sameAs\":[\"https:\\\/\\\/www.facebook.com\\\/climate.action.network.canada\",\"https:\\\/\\\/x.com\\\/CANRacCanada\"]},{\"@type\":\"Person\",\"@id\":\"https:\\\/\\\/climateactionnetwork.ca\\\/#\\\/schema\\\/person\\\/4ad4602d984a4c22eeeda686b9ed4b11\",\"name\":\"CAN-Rac\",\"image\":{\"@type\":\"ImageObject\",\"inLanguage\":\"fr-FR\",\"@id\":\"https:\\\/\\\/secure.gravatar.com\\\/avatar\\\/6e5100adb2bbf1dbf69d7db31921138dd1ab8eaf68a8fb474653e979bcc5860d?s=96&d=mm&r=g\",\"url\":\"https:\\\/\\\/secure.gravatar.com\\\/avatar\\\/6e5100adb2bbf1dbf69d7db31921138dd1ab8eaf68a8fb474653e979bcc5860d?s=96&d=mm&r=g\",\"contentUrl\":\"https:\\\/\\\/secure.gravatar.com\\\/avatar\\\/6e5100adb2bbf1dbf69d7db31921138dd1ab8eaf68a8fb474653e979bcc5860d?s=96&d=mm&r=g\",\"caption\":\"CAN-Rac\"},\"url\":\"https:\\\/\\\/climateactionnetwork.ca\\\/fr\\\/author\\\/vicky\\\/\"}]}<\/script>\n<!-- \/ Yoast SEO plugin. -->","yoast_head_json":{"title":"Nouveau rapport - Le Qu\u00e9bec loin de faire sa juste part de l'effort climatique mondial - Climate Action Network Canada (CAN-Rac)","robots":{"index":"index","follow":"follow","max-snippet":"max-snippet:-1","max-image-preview":"max-image-preview:large","max-video-preview":"max-video-preview:-1"},"canonical":"https:\/\/climateactionnetwork.ca\/fr\/nouveau-rapport-le-quebec-loin-de-faire-sa-juste-part-de-leffort-climatique-mondial\/","og_locale":"fr_FR","og_type":"article","og_title":"Nouveau rapport - Le Qu\u00e9bec loin de faire sa juste part de l'effort climatique mondial - Climate Action Network Canada (CAN-Rac)","og_url":"https:\/\/climateactionnetwork.ca\/fr\/nouveau-rapport-le-quebec-loin-de-faire-sa-juste-part-de-leffort-climatique-mondial\/","og_site_name":"Climate Action Network Canada (CAN-Rac)","article_publisher":"https:\/\/www.facebook.com\/climate.action.network.canada","article_published_time":"2021-01-13T21:46:40+00:00","article_modified_time":"2023-10-30T20:49:20+00:00","og_image":[{"width":2560,"height":1705,"url":"https:\/\/climateactionnetwork.ca\/wp-content\/uploads\/iStock-1337469312-scaled.jpg","type":"image\/jpeg"}],"author":"CAN-Rac","twitter_card":"summary_large_image","twitter_creator":"@CANRacCanada","twitter_site":"@CANRacCanada","twitter_misc":{"\u00c9crit par":"CAN-Rac","Dur\u00e9e de lecture estim\u00e9e":"4 minutes"},"schema":{"@context":"https:\/\/schema.org","@graph":[{"@type":"Article","@id":"https:\/\/climateactionnetwork.ca\/fr\/nouveau-rapport-le-quebec-loin-de-faire-sa-juste-part-de-leffort-climatique-mondial\/#article","isPartOf":{"@id":"https:\/\/climateactionnetwork.ca\/fr\/nouveau-rapport-le-quebec-loin-de-faire-sa-juste-part-de-leffort-climatique-mondial\/"},"author":{"name":"CAN-Rac","@id":"https:\/\/climateactionnetwork.ca\/#\/schema\/person\/4ad4602d984a4c22eeeda686b9ed4b11"},"headline":"Nouveau rapport &#8211; Le Qu\u00e9bec loin de faire sa juste part de l&rsquo;effort climatique mondial","datePublished":"2021-01-13T21:46:40+00:00","dateModified":"2023-10-30T20:49:20+00:00","mainEntityOfPage":{"@id":"https:\/\/climateactionnetwork.ca\/fr\/nouveau-rapport-le-quebec-loin-de-faire-sa-juste-part-de-leffort-climatique-mondial\/"},"wordCount":2368,"publisher":{"@id":"https:\/\/climateactionnetwork.ca\/#organization"},"articleSection":["Communiqu\u00e9 de presse"],"inLanguage":"fr-FR"},{"@type":"WebPage","@id":"https:\/\/climateactionnetwork.ca\/fr\/nouveau-rapport-le-quebec-loin-de-faire-sa-juste-part-de-leffort-climatique-mondial\/","url":"https:\/\/climateactionnetwork.ca\/fr\/nouveau-rapport-le-quebec-loin-de-faire-sa-juste-part-de-leffort-climatique-mondial\/","name":"Nouveau rapport - Le Qu\u00e9bec loin de faire sa juste part de l'effort climatique mondial - Climate Action Network Canada (CAN-Rac)","isPartOf":{"@id":"https:\/\/climateactionnetwork.ca\/#website"},"datePublished":"2021-01-13T21:46:40+00:00","dateModified":"2023-10-30T20:49:20+00:00","breadcrumb":{"@id":"https:\/\/climateactionnetwork.ca\/fr\/nouveau-rapport-le-quebec-loin-de-faire-sa-juste-part-de-leffort-climatique-mondial\/#breadcrumb"},"inLanguage":"fr-FR","potentialAction":[{"@type":"ReadAction","target":["https:\/\/climateactionnetwork.ca\/fr\/nouveau-rapport-le-quebec-loin-de-faire-sa-juste-part-de-leffort-climatique-mondial\/"]}]},{"@type":"BreadcrumbList","@id":"https:\/\/climateactionnetwork.ca\/fr\/nouveau-rapport-le-quebec-loin-de-faire-sa-juste-part-de-leffort-climatique-mondial\/#breadcrumb","itemListElement":[{"@type":"ListItem","position":1,"name":"Home","item":"https:\/\/climateactionnetwork.ca\/fr\/"},{"@type":"ListItem","position":2,"name":"Nouveau rapport &#8211; Le Qu\u00e9bec loin de faire sa juste part de l&#8217;effort climatique mondial"}]},{"@type":"WebSite","@id":"https:\/\/climateactionnetwork.ca\/#website","url":"https:\/\/climateactionnetwork.ca\/","name":"Climate Action Network Canada (CAN-Rac)","description":"Climate Action Network Canada (CAN-Rac)","publisher":{"@id":"https:\/\/climateactionnetwork.ca\/#organization"},"potentialAction":[{"@type":"SearchAction","target":{"@type":"EntryPoint","urlTemplate":"https:\/\/climateactionnetwork.ca\/?s={search_term_string}"},"query-input":{"@type":"PropertyValueSpecification","valueRequired":true,"valueName":"search_term_string"}}],"inLanguage":"fr-FR"},{"@type":"Organization","@id":"https:\/\/climateactionnetwork.ca\/#organization","name":"Climate Action Network - R\u00e9seau action climat Canada","alternateName":"CAN-Rac","url":"https:\/\/climateactionnetwork.ca\/","logo":{"@type":"ImageObject","inLanguage":"fr-FR","@id":"https:\/\/climateactionnetwork.ca\/#\/schema\/logo\/image\/","url":"https:\/\/climateactionnetwork.ca\/wp-content\/uploads\/CAN-Rac-Canada-logo-cmyk-png-transparent.png","contentUrl":"https:\/\/climateactionnetwork.ca\/wp-content\/uploads\/CAN-Rac-Canada-logo-cmyk-png-transparent.png","width":1181,"height":1181,"caption":"Climate Action Network - R\u00e9seau action climat Canada"},"image":{"@id":"https:\/\/climateactionnetwork.ca\/#\/schema\/logo\/image\/"},"sameAs":["https:\/\/www.facebook.com\/climate.action.network.canada","https:\/\/x.com\/CANRacCanada"]},{"@type":"Person","@id":"https:\/\/climateactionnetwork.ca\/#\/schema\/person\/4ad4602d984a4c22eeeda686b9ed4b11","name":"CAN-Rac","image":{"@type":"ImageObject","inLanguage":"fr-FR","@id":"https:\/\/secure.gravatar.com\/avatar\/6e5100adb2bbf1dbf69d7db31921138dd1ab8eaf68a8fb474653e979bcc5860d?s=96&d=mm&r=g","url":"https:\/\/secure.gravatar.com\/avatar\/6e5100adb2bbf1dbf69d7db31921138dd1ab8eaf68a8fb474653e979bcc5860d?s=96&d=mm&r=g","contentUrl":"https:\/\/secure.gravatar.com\/avatar\/6e5100adb2bbf1dbf69d7db31921138dd1ab8eaf68a8fb474653e979bcc5860d?s=96&d=mm&r=g","caption":"CAN-Rac"},"url":"https:\/\/climateactionnetwork.ca\/fr\/author\/vicky\/"}]}},"_links":{"self":[{"href":"https:\/\/climateactionnetwork.ca\/fr\/wp-json\/wp\/v2\/posts\/48194","targetHints":{"allow":["GET"]}}],"collection":[{"href":"https:\/\/climateactionnetwork.ca\/fr\/wp-json\/wp\/v2\/posts"}],"about":[{"href":"https:\/\/climateactionnetwork.ca\/fr\/wp-json\/wp\/v2\/types\/post"}],"author":[{"embeddable":true,"href":"https:\/\/climateactionnetwork.ca\/fr\/wp-json\/wp\/v2\/users\/12"}],"replies":[{"embeddable":true,"href":"https:\/\/climateactionnetwork.ca\/fr\/wp-json\/wp\/v2\/comments?post=48194"}],"version-history":[{"count":1,"href":"https:\/\/climateactionnetwork.ca\/fr\/wp-json\/wp\/v2\/posts\/48194\/revisions"}],"predecessor-version":[{"id":48195,"href":"https:\/\/climateactionnetwork.ca\/fr\/wp-json\/wp\/v2\/posts\/48194\/revisions\/48195"}],"wp:attachment":[{"href":"https:\/\/climateactionnetwork.ca\/fr\/wp-json\/wp\/v2\/media?parent=48194"}],"wp:term":[{"taxonomy":"category","embeddable":true,"href":"https:\/\/climateactionnetwork.ca\/fr\/wp-json\/wp\/v2\/categories?post=48194"},{"taxonomy":"post_tag","embeddable":true,"href":"https:\/\/climateactionnetwork.ca\/fr\/wp-json\/wp\/v2\/tags?post=48194"}],"curies":[{"name":"wp","href":"https:\/\/api.w.org\/{rel}","templated":true}]}}