{"id":47688,"date":"2022-12-17T00:15:27","date_gmt":"2022-12-16T22:15:27","guid":{"rendered":"https:\/\/climateactionnetwork.ca\/le-canada-envoie-un-signal-fort-de-solidarite-lors-de-la-cop15-en-sengageant-a-verser-un-soutien-additionnel-de-255-millions-de-dollars-pour-la-nature-et-la-resilience-climatique-dans-le-sud\/"},"modified":"2022-12-17T15:00:22","modified_gmt":"2022-12-17T13:00:22","slug":"le-canada-envoie-un-signal-fort-de-solidarite-lors-de-la-cop15-en-sengageant-a-verser-un-soutien-additionnel-de-255-millions-de-dollars-pour-la-nature-et-la-resilience-climatique-dans-le-sud","status":"publish","type":"post","link":"https:\/\/climateactionnetwork.ca\/fr\/le-canada-envoie-un-signal-fort-de-solidarite-lors-de-la-cop15-en-sengageant-a-verser-un-soutien-additionnel-de-255-millions-de-dollars-pour-la-nature-et-la-resilience-climatique-dans-le-sud\/","title":{"rendered":"Le Canada envoie un signal fort de solidarit\u00e9 lors de la COP15 en s&rsquo;engageant \u00e0 verser un soutien additionnel de 255 millions de dollars pour la nature et la r\u00e9silience climatique dans le Sud"},"content":{"rendered":"<div class=\"fusion-fullwidth fullwidth-box fusion-builder-row-1 fusion-flex-container has-pattern-background has-mask-background nonhundred-percent-fullwidth non-hundred-percent-height-scrolling\" style=\"background-color: rgba(255,255,255,0);background-position: center center;background-repeat: no-repeat;border-width: 0px 0px 0px 0px;border-color:var(--awb-color3);border-style:solid;\" ><div class=\"fusion-builder-row fusion-row fusion-flex-align-items-flex-start\" style=\"max-width:1352px;margin-left: calc(-4% \/ 2 );margin-right: calc(-4% \/ 2 );\"><div class=\"fusion-layout-column fusion_builder_column fusion-builder-column-0 fusion_builder_column_1_1 1_1 fusion-flex-column\"><div class=\"fusion-column-wrapper fusion-flex-justify-content-flex-start fusion-content-layout-column\" style=\"background-position:left top;background-repeat:no-repeat;-webkit-background-size:cover;-moz-background-size:cover;-o-background-size:cover;background-size:cover;padding: 0px 0px 0px 0px;\"><div class=\"fusion-text fusion-text-1\"><p><em>Pour la diffusion imm\u00e9diate.<\/em><\/p>\n<p><strong>TIO\u2019TIA:KE [MONTREAL], 16 d\u00e9cembre 2022:<\/strong><\/p>\n<p dir=\"ltr\">Aujourd&rsquo;hui \u00e0 la COP15, le ministre de l&rsquo;Environnement et du Changement climatique, Steven Guilbeault, et la ministre des Affaires \u00e9trang\u00e8res, M\u00e9lanie Joly, ont annonc\u00e9 une nouvelle contribution de 250 millions de dollars canadiens au Fonds pour prot\u00e9ger la nature et am\u00e9liorer la r\u00e9silience climatique dans les pays du Sud.<\/p>\n<p dir=\"ltr\">Cette promesse fait suite \u00e0 l&rsquo;annonce faite par le Premier ministre Trudeau la semaine derni\u00e8re d&rsquo;une somme de 350 millions de dollars pour soutenir les efforts de conservation de la biodiversit\u00e9 dans les pays en d\u00e9veloppement. Ces promesses s&rsquo;ajoutent \u00e0 l&rsquo;engagement actuel du Canada de 5,3 milliards de dollars pour le financement climatique international, y compris un milliard pour la nature.<\/p>\n<blockquote>\n<p dir=\"ltr\">\u00ab\u00a0Les pays en d\u00e9veloppement ont indiqu\u00e9 qu&rsquo;un plan ambitieux de protection et de restauration de la biodiversit\u00e9 n&rsquo;est pas possible sans un financement ad\u00e9quat,\u00a0\u00bb a d\u00e9clar\u00e9 Eddy P\u00e9rez, directeur de la diplomatie climatique internationale \u00e0 Climate Action Network \u2013 R\u00e9seau action climat Canada (CAN-Rac). \u00ab\u00a0Nous sommes heureux de voir le Canada jouer un r\u00f4le constructif, en soutenant cet appel et en faisant pression sur ses alli\u00e9s pour qu&rsquo;ils acceptent d&rsquo;augmenter le financement. L&rsquo;annonce d&rsquo;aujourd&rsquo;hui est une importante d\u00e9monstration de solidarit\u00e9 et de part\u00e9nariat tout comme un geste strat\u00e9gique qui augmente la pression sur les pays qui bloquent les progr\u00e8s dans les discussions sur le financement.\u00a0\u00bb<\/p>\n<\/blockquote>\n<p dir=\"ltr\">La majeure partie du financement annonc\u00e9 aujourd&rsquo;hui (219 millions de dollars) constitue la contribution du Canada \u00e0 la\u00a0<a href=\"https:\/\/www.thegef.org\/who-we-are\/funding\/gef-8-replenishment\">huiti\u00e8me reconstitution des ressources du FEM<\/a>. En juin dernier, vingt-neuf gouvernements contributeurs, dont le Canada, ont convenu d&rsquo;une reconstitution de 5,33 milliards de dollars am\u00e9ricains au cours des quatre prochaines ann\u00e9es, pour des initiatives visant notamment \u00e0 lutter contre la perte de biodiversit\u00e9 et de for\u00eats, \u00e0 am\u00e9liorer la sant\u00e9 des oc\u00e9ans, \u00e0 combattre la pollution et \u00e0 r\u00e9duire les effets des changements climatiques.<\/p>\n<p dir=\"ltr\">Le nouveau financement annonc\u00e9 aujourd&rsquo;hui comprendra \u00e9galement un soutien \u00e0 l&rsquo;action climatique f\u00e9ministe en Afrique de l&rsquo;Ouest, \u00e0 l&rsquo;initiative de financement de la biodiversit\u00e9 du Programme des Nations unies pour le d\u00e9veloppement et \u00e0 la strat\u00e9gie foresti\u00e8re marocaine.<\/p>\n<p dir=\"ltr\">Lors de la COP15, les pays en d\u00e9veloppement ont demand\u00e9 la cr\u00e9ation d&rsquo;un nouveau fonds d\u00e9di\u00e9 \u00e0 la mise en \u0153uvre du Cadre mondial pour la biodiversit\u00e9. Le R\u00e9seau action climat Canada r\u00e9clame la cr\u00e9ation de ce fonds ici \u00e0 la COP15, ainsi qu\u2019un plan de mobilisation des ressources \u00e0 adopter lors de la COP16, avec une strat\u00e9gie int\u00e9rimaire pour la mobilisation des fonds en 2023.<\/p>\n<p dir=\"ltr\" style=\"text-align: center;\">-30-<\/p>\n<p><em><strong>Climate Action Network \u2013 R\u00e9seau action climat (CAN-Rac) Canada<\/strong>\u00a0est le plus vaste r\u00e9seau d\u2019organisations travaillant sur les questions li\u00e9es aux changements climatiques et \u00e0 l&rsquo;\u00e9nergie au Canada. Il s\u2019agit d\u2019une coalition de 140 organisations op\u00e9rant d\u2019un oc\u00e9an \u00e0 l\u2019autre. Nos membres rassemblent des groupes environnementaux, des syndicats, des Premi\u00e8res Nations, des organisations de justice sociale, de d\u00e9veloppement, de sant\u00e9 et de jeunesse, des groupes religieux et des initiatives locales.<\/em><\/p>\n<p><strong>Pour plus d&rsquo;informations, pour organiser une entrevue, ou pour vous inscrire \u00e0 nos mises \u00e0 jour quotidiennes sur la COP15, contactez :<\/strong><\/p>\n<p>Vicky Coo, Responsable des communications<br \/>\n<a href=\"mailto:comms@climateactionnetwork.ca\" target=\"_blank\" rel=\"noopener\">comms@climateactionnetwork.ca<\/a><\/p>\n<\/div><\/div><style type=\"text\/css\">.fusion-body .fusion-builder-column-0{width:100% !important;margin-top : 0px;margin-bottom : 20px;}.fusion-builder-column-0 > .fusion-column-wrapper {padding-top : 0px !important;padding-right : 0px !important;margin-right : 1.92%;padding-bottom : 0px !important;padding-left : 0px !important;margin-left : 1.92%;}@media only screen and (max-width:1024px) {.fusion-body .fusion-builder-column-0{width:100% !important;order : 0;}.fusion-builder-column-0 > .fusion-column-wrapper {margin-right : 1.92%;margin-left : 1.92%;}}@media only screen and (max-width:800px) {.fusion-body .fusion-builder-column-0{width:100% !important;order : 0;}.fusion-builder-column-0 > .fusion-column-wrapper {margin-right : 1.92%;margin-left : 1.92%;}}<\/style><\/div><\/div><style type=\"text\/css\">.fusion-body .fusion-flex-container.fusion-builder-row-1{ padding-top : 0px;margin-top : 0px;padding-right : 0px;padding-bottom : 0px;margin-bottom : 0px;padding-left : 0px;}<\/style><\/div>\n","protected":false},"excerpt":{"rendered":"","protected":false},"author":12,"featured_media":47684,"comment_status":"closed","ping_status":"closed","sticky":false,"template":"","format":"standard","meta":{"inline_featured_image":false,"footnotes":"","_wp_rev_ctl_limit":""},"categories":[64],"tags":[],"class_list":["post-47688","post","type-post","status-publish","format-standard","has-post-thumbnail","hentry","category-press-release-fr"],"acf":[],"yoast_head":"<!-- This site is optimized with the Yoast SEO plugin v27.3 - https:\/\/yoast.com\/product\/yoast-seo-wordpress\/ -->\n<title>Le Canada envoie un signal fort de solidarit\u00e9 lors de la COP15 en s&#039;engageant \u00e0 verser un soutien additionnel de 255 millions de dollars pour la nature et la r\u00e9silience climatique dans le Sud - Climate Action Network Canada (CAN-Rac)<\/title>\n<meta name=\"robots\" content=\"index, follow, max-snippet:-1, max-image-preview:large, max-video-preview:-1\" \/>\n<link rel=\"canonical\" href=\"https:\/\/climateactionnetwork.ca\/fr\/le-canada-envoie-un-signal-fort-de-solidarite-lors-de-la-cop15-en-sengageant-a-verser-un-soutien-additionnel-de-255-millions-de-dollars-pour-la-nature-et-la-resilience-climatique-dans-le-sud\/\" \/>\n<meta property=\"og:locale\" content=\"fr_FR\" \/>\n<meta property=\"og:type\" content=\"article\" \/>\n<meta property=\"og:title\" content=\"Le Canada envoie un signal fort de solidarit\u00e9 lors de la COP15 en s&#039;engageant \u00e0 verser un soutien additionnel de 255 millions de dollars pour la nature et la r\u00e9silience climatique dans le Sud - Climate Action Network Canada (CAN-Rac)\" \/>\n<meta property=\"og:url\" content=\"https:\/\/climateactionnetwork.ca\/fr\/le-canada-envoie-un-signal-fort-de-solidarite-lors-de-la-cop15-en-sengageant-a-verser-un-soutien-additionnel-de-255-millions-de-dollars-pour-la-nature-et-la-resilience-climatique-dans-le-sud\/\" \/>\n<meta property=\"og:site_name\" content=\"Climate Action Network Canada (CAN-Rac)\" \/>\n<meta property=\"article:publisher\" content=\"https:\/\/www.facebook.com\/climate.action.network.canada\" \/>\n<meta property=\"article:published_time\" content=\"2022-12-16T22:15:27+00:00\" \/>\n<meta property=\"article:modified_time\" content=\"2022-12-17T13:00:22+00:00\" \/>\n<meta property=\"og:image\" content=\"https:\/\/climateactionnetwork.ca\/wp-content\/uploads\/GEF-announcement.jpeg\" \/>\n\t<meta property=\"og:image:width\" content=\"2048\" \/>\n\t<meta property=\"og:image:height\" content=\"1536\" \/>\n\t<meta property=\"og:image:type\" content=\"image\/jpeg\" \/>\n<meta name=\"author\" content=\"CAN-Rac\" \/>\n<meta name=\"twitter:card\" content=\"summary_large_image\" \/>\n<meta name=\"twitter:creator\" content=\"@CANRacCanada\" \/>\n<meta name=\"twitter:site\" content=\"@CANRacCanada\" \/>\n<meta name=\"twitter:label1\" content=\"\u00c9crit par\" \/>\n\t<meta name=\"twitter:data1\" content=\"CAN-Rac\" \/>\n\t<meta name=\"twitter:label2\" content=\"Dur\u00e9e de lecture estim\u00e9e\" \/>\n\t<meta name=\"twitter:data2\" content=\"4 minutes\" \/>\n<script type=\"application\/ld+json\" class=\"yoast-schema-graph\">{\"@context\":\"https:\\\/\\\/schema.org\",\"@graph\":[{\"@type\":\"Article\",\"@id\":\"https:\\\/\\\/climateactionnetwork.ca\\\/fr\\\/le-canada-envoie-un-signal-fort-de-solidarite-lors-de-la-cop15-en-sengageant-a-verser-un-soutien-additionnel-de-255-millions-de-dollars-pour-la-nature-et-la-resilience-climatique-dans-le-sud\\\/#article\",\"isPartOf\":{\"@id\":\"https:\\\/\\\/climateactionnetwork.ca\\\/fr\\\/le-canada-envoie-un-signal-fort-de-solidarite-lors-de-la-cop15-en-sengageant-a-verser-un-soutien-additionnel-de-255-millions-de-dollars-pour-la-nature-et-la-resilience-climatique-dans-le-sud\\\/\"},\"author\":{\"name\":\"CAN-Rac\",\"@id\":\"https:\\\/\\\/climateactionnetwork.ca\\\/#\\\/schema\\\/person\\\/4ad4602d984a4c22eeeda686b9ed4b11\"},\"headline\":\"Le Canada envoie un signal fort de solidarit\u00e9 lors de la COP15 en s&rsquo;engageant \u00e0 verser un soutien additionnel de 255 millions de dollars pour la nature et la r\u00e9silience climatique dans le Sud\",\"datePublished\":\"2022-12-16T22:15:27+00:00\",\"dateModified\":\"2022-12-17T13:00:22+00:00\",\"mainEntityOfPage\":{\"@id\":\"https:\\\/\\\/climateactionnetwork.ca\\\/fr\\\/le-canada-envoie-un-signal-fort-de-solidarite-lors-de-la-cop15-en-sengageant-a-verser-un-soutien-additionnel-de-255-millions-de-dollars-pour-la-nature-et-la-resilience-climatique-dans-le-sud\\\/\"},\"wordCount\":1323,\"publisher\":{\"@id\":\"https:\\\/\\\/climateactionnetwork.ca\\\/#organization\"},\"image\":{\"@id\":\"https:\\\/\\\/climateactionnetwork.ca\\\/fr\\\/le-canada-envoie-un-signal-fort-de-solidarite-lors-de-la-cop15-en-sengageant-a-verser-un-soutien-additionnel-de-255-millions-de-dollars-pour-la-nature-et-la-resilience-climatique-dans-le-sud\\\/#primaryimage\"},\"thumbnailUrl\":\"https:\\\/\\\/climateactionnetwork.ca\\\/wp-content\\\/uploads\\\/GEF-announcement.jpeg\",\"articleSection\":[\"Communiqu\u00e9 de presse\"],\"inLanguage\":\"fr-FR\"},{\"@type\":\"WebPage\",\"@id\":\"https:\\\/\\\/climateactionnetwork.ca\\\/fr\\\/le-canada-envoie-un-signal-fort-de-solidarite-lors-de-la-cop15-en-sengageant-a-verser-un-soutien-additionnel-de-255-millions-de-dollars-pour-la-nature-et-la-resilience-climatique-dans-le-sud\\\/\",\"url\":\"https:\\\/\\\/climateactionnetwork.ca\\\/fr\\\/le-canada-envoie-un-signal-fort-de-solidarite-lors-de-la-cop15-en-sengageant-a-verser-un-soutien-additionnel-de-255-millions-de-dollars-pour-la-nature-et-la-resilience-climatique-dans-le-sud\\\/\",\"name\":\"Le Canada envoie un signal fort de solidarit\u00e9 lors de la COP15 en s'engageant \u00e0 verser un soutien additionnel de 255 millions de dollars pour la nature et la r\u00e9silience climatique dans le Sud - Climate Action Network Canada (CAN-Rac)\",\"isPartOf\":{\"@id\":\"https:\\\/\\\/climateactionnetwork.ca\\\/#website\"},\"primaryImageOfPage\":{\"@id\":\"https:\\\/\\\/climateactionnetwork.ca\\\/fr\\\/le-canada-envoie-un-signal-fort-de-solidarite-lors-de-la-cop15-en-sengageant-a-verser-un-soutien-additionnel-de-255-millions-de-dollars-pour-la-nature-et-la-resilience-climatique-dans-le-sud\\\/#primaryimage\"},\"image\":{\"@id\":\"https:\\\/\\\/climateactionnetwork.ca\\\/fr\\\/le-canada-envoie-un-signal-fort-de-solidarite-lors-de-la-cop15-en-sengageant-a-verser-un-soutien-additionnel-de-255-millions-de-dollars-pour-la-nature-et-la-resilience-climatique-dans-le-sud\\\/#primaryimage\"},\"thumbnailUrl\":\"https:\\\/\\\/climateactionnetwork.ca\\\/wp-content\\\/uploads\\\/GEF-announcement.jpeg\",\"datePublished\":\"2022-12-16T22:15:27+00:00\",\"dateModified\":\"2022-12-17T13:00:22+00:00\",\"breadcrumb\":{\"@id\":\"https:\\\/\\\/climateactionnetwork.ca\\\/fr\\\/le-canada-envoie-un-signal-fort-de-solidarite-lors-de-la-cop15-en-sengageant-a-verser-un-soutien-additionnel-de-255-millions-de-dollars-pour-la-nature-et-la-resilience-climatique-dans-le-sud\\\/#breadcrumb\"},\"inLanguage\":\"fr-FR\",\"potentialAction\":[{\"@type\":\"ReadAction\",\"target\":[\"https:\\\/\\\/climateactionnetwork.ca\\\/fr\\\/le-canada-envoie-un-signal-fort-de-solidarite-lors-de-la-cop15-en-sengageant-a-verser-un-soutien-additionnel-de-255-millions-de-dollars-pour-la-nature-et-la-resilience-climatique-dans-le-sud\\\/\"]}]},{\"@type\":\"ImageObject\",\"inLanguage\":\"fr-FR\",\"@id\":\"https:\\\/\\\/climateactionnetwork.ca\\\/fr\\\/le-canada-envoie-un-signal-fort-de-solidarite-lors-de-la-cop15-en-sengageant-a-verser-un-soutien-additionnel-de-255-millions-de-dollars-pour-la-nature-et-la-resilience-climatique-dans-le-sud\\\/#primaryimage\",\"url\":\"https:\\\/\\\/climateactionnetwork.ca\\\/wp-content\\\/uploads\\\/GEF-announcement.jpeg\",\"contentUrl\":\"https:\\\/\\\/climateactionnetwork.ca\\\/wp-content\\\/uploads\\\/GEF-announcement.jpeg\",\"width\":2048,\"height\":1536},{\"@type\":\"BreadcrumbList\",\"@id\":\"https:\\\/\\\/climateactionnetwork.ca\\\/fr\\\/le-canada-envoie-un-signal-fort-de-solidarite-lors-de-la-cop15-en-sengageant-a-verser-un-soutien-additionnel-de-255-millions-de-dollars-pour-la-nature-et-la-resilience-climatique-dans-le-sud\\\/#breadcrumb\",\"itemListElement\":[{\"@type\":\"ListItem\",\"position\":1,\"name\":\"Home\",\"item\":\"https:\\\/\\\/climateactionnetwork.ca\\\/fr\\\/\"},{\"@type\":\"ListItem\",\"position\":2,\"name\":\"Le Canada envoie un signal fort de solidarit\u00e9 lors de la COP15 en s&#8217;engageant \u00e0 verser un soutien additionnel de 255 millions de dollars pour la nature et la r\u00e9silience climatique dans le Sud\"}]},{\"@type\":\"WebSite\",\"@id\":\"https:\\\/\\\/climateactionnetwork.ca\\\/#website\",\"url\":\"https:\\\/\\\/climateactionnetwork.ca\\\/\",\"name\":\"Climate Action Network Canada (CAN-Rac)\",\"description\":\"Climate Action Network Canada (CAN-Rac)\",\"publisher\":{\"@id\":\"https:\\\/\\\/climateactionnetwork.ca\\\/#organization\"},\"potentialAction\":[{\"@type\":\"SearchAction\",\"target\":{\"@type\":\"EntryPoint\",\"urlTemplate\":\"https:\\\/\\\/climateactionnetwork.ca\\\/?s={search_term_string}\"},\"query-input\":{\"@type\":\"PropertyValueSpecification\",\"valueRequired\":true,\"valueName\":\"search_term_string\"}}],\"inLanguage\":\"fr-FR\"},{\"@type\":\"Organization\",\"@id\":\"https:\\\/\\\/climateactionnetwork.ca\\\/#organization\",\"name\":\"Climate Action Network - R\u00e9seau action climat Canada\",\"alternateName\":\"CAN-Rac\",\"url\":\"https:\\\/\\\/climateactionnetwork.ca\\\/\",\"logo\":{\"@type\":\"ImageObject\",\"inLanguage\":\"fr-FR\",\"@id\":\"https:\\\/\\\/climateactionnetwork.ca\\\/#\\\/schema\\\/logo\\\/image\\\/\",\"url\":\"https:\\\/\\\/climateactionnetwork.ca\\\/wp-content\\\/uploads\\\/CAN-Rac-Canada-logo-cmyk-png-transparent.png\",\"contentUrl\":\"https:\\\/\\\/climateactionnetwork.ca\\\/wp-content\\\/uploads\\\/CAN-Rac-Canada-logo-cmyk-png-transparent.png\",\"width\":1181,\"height\":1181,\"caption\":\"Climate Action Network - R\u00e9seau action climat Canada\"},\"image\":{\"@id\":\"https:\\\/\\\/climateactionnetwork.ca\\\/#\\\/schema\\\/logo\\\/image\\\/\"},\"sameAs\":[\"https:\\\/\\\/www.facebook.com\\\/climate.action.network.canada\",\"https:\\\/\\\/x.com\\\/CANRacCanada\"]},{\"@type\":\"Person\",\"@id\":\"https:\\\/\\\/climateactionnetwork.ca\\\/#\\\/schema\\\/person\\\/4ad4602d984a4c22eeeda686b9ed4b11\",\"name\":\"CAN-Rac\",\"image\":{\"@type\":\"ImageObject\",\"inLanguage\":\"fr-FR\",\"@id\":\"https:\\\/\\\/secure.gravatar.com\\\/avatar\\\/6e5100adb2bbf1dbf69d7db31921138dd1ab8eaf68a8fb474653e979bcc5860d?s=96&d=mm&r=g\",\"url\":\"https:\\\/\\\/secure.gravatar.com\\\/avatar\\\/6e5100adb2bbf1dbf69d7db31921138dd1ab8eaf68a8fb474653e979bcc5860d?s=96&d=mm&r=g\",\"contentUrl\":\"https:\\\/\\\/secure.gravatar.com\\\/avatar\\\/6e5100adb2bbf1dbf69d7db31921138dd1ab8eaf68a8fb474653e979bcc5860d?s=96&d=mm&r=g\",\"caption\":\"CAN-Rac\"},\"url\":\"https:\\\/\\\/climateactionnetwork.ca\\\/fr\\\/author\\\/vicky\\\/\"}]}<\/script>\n<!-- \/ Yoast SEO plugin. -->","yoast_head_json":{"title":"Le Canada envoie un signal fort de solidarit\u00e9 lors de la COP15 en s'engageant \u00e0 verser un soutien additionnel de 255 millions de dollars pour la nature et la r\u00e9silience climatique dans le Sud - Climate Action Network Canada (CAN-Rac)","robots":{"index":"index","follow":"follow","max-snippet":"max-snippet:-1","max-image-preview":"max-image-preview:large","max-video-preview":"max-video-preview:-1"},"canonical":"https:\/\/climateactionnetwork.ca\/fr\/le-canada-envoie-un-signal-fort-de-solidarite-lors-de-la-cop15-en-sengageant-a-verser-un-soutien-additionnel-de-255-millions-de-dollars-pour-la-nature-et-la-resilience-climatique-dans-le-sud\/","og_locale":"fr_FR","og_type":"article","og_title":"Le Canada envoie un signal fort de solidarit\u00e9 lors de la COP15 en s'engageant \u00e0 verser un soutien additionnel de 255 millions de dollars pour la nature et la r\u00e9silience climatique dans le Sud - Climate Action Network Canada (CAN-Rac)","og_url":"https:\/\/climateactionnetwork.ca\/fr\/le-canada-envoie-un-signal-fort-de-solidarite-lors-de-la-cop15-en-sengageant-a-verser-un-soutien-additionnel-de-255-millions-de-dollars-pour-la-nature-et-la-resilience-climatique-dans-le-sud\/","og_site_name":"Climate Action Network Canada (CAN-Rac)","article_publisher":"https:\/\/www.facebook.com\/climate.action.network.canada","article_published_time":"2022-12-16T22:15:27+00:00","article_modified_time":"2022-12-17T13:00:22+00:00","og_image":[{"width":2048,"height":1536,"url":"https:\/\/climateactionnetwork.ca\/wp-content\/uploads\/GEF-announcement.jpeg","type":"image\/jpeg"}],"author":"CAN-Rac","twitter_card":"summary_large_image","twitter_creator":"@CANRacCanada","twitter_site":"@CANRacCanada","twitter_misc":{"\u00c9crit par":"CAN-Rac","Dur\u00e9e de lecture estim\u00e9e":"4 minutes"},"schema":{"@context":"https:\/\/schema.org","@graph":[{"@type":"Article","@id":"https:\/\/climateactionnetwork.ca\/fr\/le-canada-envoie-un-signal-fort-de-solidarite-lors-de-la-cop15-en-sengageant-a-verser-un-soutien-additionnel-de-255-millions-de-dollars-pour-la-nature-et-la-resilience-climatique-dans-le-sud\/#article","isPartOf":{"@id":"https:\/\/climateactionnetwork.ca\/fr\/le-canada-envoie-un-signal-fort-de-solidarite-lors-de-la-cop15-en-sengageant-a-verser-un-soutien-additionnel-de-255-millions-de-dollars-pour-la-nature-et-la-resilience-climatique-dans-le-sud\/"},"author":{"name":"CAN-Rac","@id":"https:\/\/climateactionnetwork.ca\/#\/schema\/person\/4ad4602d984a4c22eeeda686b9ed4b11"},"headline":"Le Canada envoie un signal fort de solidarit\u00e9 lors de la COP15 en s&rsquo;engageant \u00e0 verser un soutien additionnel de 255 millions de dollars pour la nature et la r\u00e9silience climatique dans le Sud","datePublished":"2022-12-16T22:15:27+00:00","dateModified":"2022-12-17T13:00:22+00:00","mainEntityOfPage":{"@id":"https:\/\/climateactionnetwork.ca\/fr\/le-canada-envoie-un-signal-fort-de-solidarite-lors-de-la-cop15-en-sengageant-a-verser-un-soutien-additionnel-de-255-millions-de-dollars-pour-la-nature-et-la-resilience-climatique-dans-le-sud\/"},"wordCount":1323,"publisher":{"@id":"https:\/\/climateactionnetwork.ca\/#organization"},"image":{"@id":"https:\/\/climateactionnetwork.ca\/fr\/le-canada-envoie-un-signal-fort-de-solidarite-lors-de-la-cop15-en-sengageant-a-verser-un-soutien-additionnel-de-255-millions-de-dollars-pour-la-nature-et-la-resilience-climatique-dans-le-sud\/#primaryimage"},"thumbnailUrl":"https:\/\/climateactionnetwork.ca\/wp-content\/uploads\/GEF-announcement.jpeg","articleSection":["Communiqu\u00e9 de presse"],"inLanguage":"fr-FR"},{"@type":"WebPage","@id":"https:\/\/climateactionnetwork.ca\/fr\/le-canada-envoie-un-signal-fort-de-solidarite-lors-de-la-cop15-en-sengageant-a-verser-un-soutien-additionnel-de-255-millions-de-dollars-pour-la-nature-et-la-resilience-climatique-dans-le-sud\/","url":"https:\/\/climateactionnetwork.ca\/fr\/le-canada-envoie-un-signal-fort-de-solidarite-lors-de-la-cop15-en-sengageant-a-verser-un-soutien-additionnel-de-255-millions-de-dollars-pour-la-nature-et-la-resilience-climatique-dans-le-sud\/","name":"Le Canada envoie un signal fort de solidarit\u00e9 lors de la COP15 en s'engageant \u00e0 verser un soutien additionnel de 255 millions de dollars pour la nature et la r\u00e9silience climatique dans le Sud - Climate Action Network Canada (CAN-Rac)","isPartOf":{"@id":"https:\/\/climateactionnetwork.ca\/#website"},"primaryImageOfPage":{"@id":"https:\/\/climateactionnetwork.ca\/fr\/le-canada-envoie-un-signal-fort-de-solidarite-lors-de-la-cop15-en-sengageant-a-verser-un-soutien-additionnel-de-255-millions-de-dollars-pour-la-nature-et-la-resilience-climatique-dans-le-sud\/#primaryimage"},"image":{"@id":"https:\/\/climateactionnetwork.ca\/fr\/le-canada-envoie-un-signal-fort-de-solidarite-lors-de-la-cop15-en-sengageant-a-verser-un-soutien-additionnel-de-255-millions-de-dollars-pour-la-nature-et-la-resilience-climatique-dans-le-sud\/#primaryimage"},"thumbnailUrl":"https:\/\/climateactionnetwork.ca\/wp-content\/uploads\/GEF-announcement.jpeg","datePublished":"2022-12-16T22:15:27+00:00","dateModified":"2022-12-17T13:00:22+00:00","breadcrumb":{"@id":"https:\/\/climateactionnetwork.ca\/fr\/le-canada-envoie-un-signal-fort-de-solidarite-lors-de-la-cop15-en-sengageant-a-verser-un-soutien-additionnel-de-255-millions-de-dollars-pour-la-nature-et-la-resilience-climatique-dans-le-sud\/#breadcrumb"},"inLanguage":"fr-FR","potentialAction":[{"@type":"ReadAction","target":["https:\/\/climateactionnetwork.ca\/fr\/le-canada-envoie-un-signal-fort-de-solidarite-lors-de-la-cop15-en-sengageant-a-verser-un-soutien-additionnel-de-255-millions-de-dollars-pour-la-nature-et-la-resilience-climatique-dans-le-sud\/"]}]},{"@type":"ImageObject","inLanguage":"fr-FR","@id":"https:\/\/climateactionnetwork.ca\/fr\/le-canada-envoie-un-signal-fort-de-solidarite-lors-de-la-cop15-en-sengageant-a-verser-un-soutien-additionnel-de-255-millions-de-dollars-pour-la-nature-et-la-resilience-climatique-dans-le-sud\/#primaryimage","url":"https:\/\/climateactionnetwork.ca\/wp-content\/uploads\/GEF-announcement.jpeg","contentUrl":"https:\/\/climateactionnetwork.ca\/wp-content\/uploads\/GEF-announcement.jpeg","width":2048,"height":1536},{"@type":"BreadcrumbList","@id":"https:\/\/climateactionnetwork.ca\/fr\/le-canada-envoie-un-signal-fort-de-solidarite-lors-de-la-cop15-en-sengageant-a-verser-un-soutien-additionnel-de-255-millions-de-dollars-pour-la-nature-et-la-resilience-climatique-dans-le-sud\/#breadcrumb","itemListElement":[{"@type":"ListItem","position":1,"name":"Home","item":"https:\/\/climateactionnetwork.ca\/fr\/"},{"@type":"ListItem","position":2,"name":"Le Canada envoie un signal fort de solidarit\u00e9 lors de la COP15 en s&#8217;engageant \u00e0 verser un soutien additionnel de 255 millions de dollars pour la nature et la r\u00e9silience climatique dans le Sud"}]},{"@type":"WebSite","@id":"https:\/\/climateactionnetwork.ca\/#website","url":"https:\/\/climateactionnetwork.ca\/","name":"Climate Action Network Canada (CAN-Rac)","description":"Climate Action Network Canada (CAN-Rac)","publisher":{"@id":"https:\/\/climateactionnetwork.ca\/#organization"},"potentialAction":[{"@type":"SearchAction","target":{"@type":"EntryPoint","urlTemplate":"https:\/\/climateactionnetwork.ca\/?s={search_term_string}"},"query-input":{"@type":"PropertyValueSpecification","valueRequired":true,"valueName":"search_term_string"}}],"inLanguage":"fr-FR"},{"@type":"Organization","@id":"https:\/\/climateactionnetwork.ca\/#organization","name":"Climate Action Network - R\u00e9seau action climat Canada","alternateName":"CAN-Rac","url":"https:\/\/climateactionnetwork.ca\/","logo":{"@type":"ImageObject","inLanguage":"fr-FR","@id":"https:\/\/climateactionnetwork.ca\/#\/schema\/logo\/image\/","url":"https:\/\/climateactionnetwork.ca\/wp-content\/uploads\/CAN-Rac-Canada-logo-cmyk-png-transparent.png","contentUrl":"https:\/\/climateactionnetwork.ca\/wp-content\/uploads\/CAN-Rac-Canada-logo-cmyk-png-transparent.png","width":1181,"height":1181,"caption":"Climate Action Network - R\u00e9seau action climat Canada"},"image":{"@id":"https:\/\/climateactionnetwork.ca\/#\/schema\/logo\/image\/"},"sameAs":["https:\/\/www.facebook.com\/climate.action.network.canada","https:\/\/x.com\/CANRacCanada"]},{"@type":"Person","@id":"https:\/\/climateactionnetwork.ca\/#\/schema\/person\/4ad4602d984a4c22eeeda686b9ed4b11","name":"CAN-Rac","image":{"@type":"ImageObject","inLanguage":"fr-FR","@id":"https:\/\/secure.gravatar.com\/avatar\/6e5100adb2bbf1dbf69d7db31921138dd1ab8eaf68a8fb474653e979bcc5860d?s=96&d=mm&r=g","url":"https:\/\/secure.gravatar.com\/avatar\/6e5100adb2bbf1dbf69d7db31921138dd1ab8eaf68a8fb474653e979bcc5860d?s=96&d=mm&r=g","contentUrl":"https:\/\/secure.gravatar.com\/avatar\/6e5100adb2bbf1dbf69d7db31921138dd1ab8eaf68a8fb474653e979bcc5860d?s=96&d=mm&r=g","caption":"CAN-Rac"},"url":"https:\/\/climateactionnetwork.ca\/fr\/author\/vicky\/"}]}},"_links":{"self":[{"href":"https:\/\/climateactionnetwork.ca\/fr\/wp-json\/wp\/v2\/posts\/47688","targetHints":{"allow":["GET"]}}],"collection":[{"href":"https:\/\/climateactionnetwork.ca\/fr\/wp-json\/wp\/v2\/posts"}],"about":[{"href":"https:\/\/climateactionnetwork.ca\/fr\/wp-json\/wp\/v2\/types\/post"}],"author":[{"embeddable":true,"href":"https:\/\/climateactionnetwork.ca\/fr\/wp-json\/wp\/v2\/users\/12"}],"replies":[{"embeddable":true,"href":"https:\/\/climateactionnetwork.ca\/fr\/wp-json\/wp\/v2\/comments?post=47688"}],"version-history":[{"count":6,"href":"https:\/\/climateactionnetwork.ca\/fr\/wp-json\/wp\/v2\/posts\/47688\/revisions"}],"predecessor-version":[{"id":47696,"href":"https:\/\/climateactionnetwork.ca\/fr\/wp-json\/wp\/v2\/posts\/47688\/revisions\/47696"}],"wp:featuredmedia":[{"embeddable":true,"href":"https:\/\/climateactionnetwork.ca\/fr\/wp-json\/wp\/v2\/media\/47684"}],"wp:attachment":[{"href":"https:\/\/climateactionnetwork.ca\/fr\/wp-json\/wp\/v2\/media?parent=47688"}],"wp:term":[{"taxonomy":"category","embeddable":true,"href":"https:\/\/climateactionnetwork.ca\/fr\/wp-json\/wp\/v2\/categories?post=47688"},{"taxonomy":"post_tag","embeddable":true,"href":"https:\/\/climateactionnetwork.ca\/fr\/wp-json\/wp\/v2\/tags?post=47688"}],"curies":[{"name":"wp","href":"https:\/\/api.w.org\/{rel}","templated":true}]}}