{"id":47670,"date":"2022-12-07T02:07:27","date_gmt":"2022-12-07T00:07:27","guid":{"rendered":"https:\/\/climateactionnetwork.ca\/a-louverture-de-la-cop15-le-canada-sengage-a-verser-un-acompte-sur-le-financement-international-de-la-biodiversite\/"},"modified":"2022-12-07T02:13:53","modified_gmt":"2022-12-07T00:13:53","slug":"a-louverture-de-la-cop15-le-canada-sengage-a-verser-un-acompte-sur-le-financement-international-de-la-biodiversite","status":"publish","type":"post","link":"https:\/\/climateactionnetwork.ca\/fr\/a-louverture-de-la-cop15-le-canada-sengage-a-verser-un-acompte-sur-le-financement-international-de-la-biodiversite\/","title":{"rendered":"\u00c0 l&rsquo;ouverture de la COP15, le Canada s&rsquo;engage \u00e0 verser un acompte sur le financement international de la biodiversit\u00e9"},"content":{"rendered":"<div class=\"fusion-fullwidth fullwidth-box fusion-builder-row-1 fusion-flex-container has-pattern-background has-mask-background nonhundred-percent-fullwidth non-hundred-percent-height-scrolling\" style=\"background-color: rgba(255,255,255,0);background-position: center center;background-repeat: no-repeat;border-width: 0px 0px 0px 0px;border-color:var(--awb-color3);border-style:solid;\" ><div class=\"fusion-builder-row fusion-row fusion-flex-align-items-flex-start\" style=\"max-width:1352px;margin-left: calc(-4% \/ 2 );margin-right: calc(-4% \/ 2 );\"><div class=\"fusion-layout-column fusion_builder_column fusion-builder-column-0 fusion_builder_column_1_1 1_1 fusion-flex-column\"><div class=\"fusion-column-wrapper fusion-flex-justify-content-flex-start fusion-content-layout-column\" style=\"background-position:left top;background-repeat:no-repeat;-webkit-background-size:cover;-moz-background-size:cover;-o-background-size:cover;background-size:cover;padding: 0px 0px 0px 0px;\"><div class=\"fusion-text fusion-text-1\"><p><em>Pour la diffusion imm\u00e9diate.<\/em><\/p>\n<p><strong>TIO\u2019TIA:KE [MONTREAL], 6 d\u00e9cembre 2022:<\/strong><\/p>\n<p>Les organisations environnementales et du d\u00e9veloppement accueillent l&rsquo;annonce d\u2019aujourd&rsquo;hui faite par le premier ministre Trudeau d&rsquo;un nouveau financement international de 350 millions de dollars pour la biodiversit\u00e9. Cette annonce, \u00e0 l&rsquo;ouverture de la conf\u00e9rence mondiale sur la biodiversit\u00e9 (la COP15) qui se tient \u00e0 Montr\u00e9al, envoie un important signal sur la n\u00e9cessit\u00e9 de renforcer la coop\u00e9ration internationale pour prot\u00e9ger et restaurer la nature.<\/p>\n<p>Ce financement est consid\u00e9rable. Il s\u2019agit de l\u2019argent additionnel par rapport aux efforts pr\u00e9c\u00e9dents du Canada, en particulier son engagement existant en mati\u00e8re de financement climatique post-2020 de 5,3 milliards de dollars sur 5 ans. Le R\u00e9seau action climat Canada a demand\u00e9 au Canada d&rsquo;augmenter le financement international d&rsquo;un milliard de dollars suppl\u00e9mentaires par an jusqu\u2019\u00e0 2025 et nous voyons cet investissement comme une contribution initiale.<\/p>\n<p>Chaque investissement r\u00e9alis\u00e9 permet de combler le d\u00e9ficit de financement pour la biodiversit\u00e9. L&rsquo;h\u00e9ritage colonial du Canada fait de cette contribution une \u00e9tape importante pour soutenir tous les efforts internationaux visant \u00e0 faire la paix avec la nature et \u00e0 mettre fin \u00e0 sa d\u00e9cimation.<\/p>\n<p><strong>Citations:<\/strong><\/p>\n<blockquote>\n<p><strong>Eddy P\u00e9rez, Directeur de la diplomatie climatique internationale, Climate Action Network \u2013 R\u00e9seau action climat Canada:<\/strong><\/p>\n<p>\u00ab\u00a0Investir dans la protection, la conservation et la restauration des zones humides, des for\u00eats, des oc\u00e9ans et de la faune, c&rsquo;est investir dans la vie sur terre. En tant que pays riche, qui exploite et consomme encore beaucoup plus que sa juste part de ressources &#8211; le Canada a la responsabilit\u00e9 de soutenir ad\u00e9quatement les efforts en mati\u00e8re de biodiversit\u00e9 pour les pays qui vivent les pires cons\u00e9quences de la crise qui frappe tous les \u00e9cosyst\u00e8mes. Si cette annonce est encourageante, le Canada ne doit pas s&rsquo;arr\u00eater l\u00e0. Il doit maintenant convaincre d\u2019autres pays riches de faire leur part et de s&rsquo;engager \u00e0 accro\u00eetre le soutien public international en faveur de la biodiversit\u00e9 d&rsquo;ici la fin de la COP15.\u00a0\u00bb<\/p>\n<p><strong>Sandra Schwartz, Directrice g\u00e9n\u00e9rale nationale, Soci\u00e9t\u00e9 pour la nature et les parcs du Canada (SNAP Canada):<\/strong><\/p>\n<p>\u00ab Pour faire aboutir un ambitieux cadre mondial pour la biodiversit\u00e9 \u00e0 Montr\u00e9al, le financement international de la biodiversit\u00e9 doit augmenter consid\u00e9rablement, en particulier de la part des pays riches comme le Canada. L&rsquo;annonce faite aujourd&rsquo;hui par le Canada est un pas important dans cette direction. \u00bb<\/p>\n<p><strong>Anne-C\u00e9line Guyon, charg\u00e9e de projet experte climat, Nature Qu\u00e9bec\u00a0<\/strong><\/p>\n<p>\u00ab En tant qu\u2019h\u00f4te de cette quinzi\u00e8me Conf\u00e9rence des Nations-Unies sur la diversit\u00e9 biologique, le Canada a le devoir d\u2019imposer un niveau d\u2019ambition \u00e0 la hauteur du d\u00e9fi qu\u2019est la crise de la biodiversit\u00e9 pour l\u2019Humanit\u00e9. Cette annonce de 350 millions de dollars d\u2019aide internationale pour la mise en \u0153uvre du prochain cadre mondial est un signal fort envoy\u00e9 en ce sens \u00e0 l\u2019ensemble des d\u00e9l\u00e9gations r\u00e9unies \u00e0 Montr\u00e9al. Les pays riches ont une responsabilit\u00e9 et doivent l\u2019assumer en aidant \u00e0 la r\u00e9silience des plus vuln\u00e9rables.\u00bb<\/p>\n<p><strong>Andr\u00e9-Yanne Parent, Directrice g\u00e9n\u00e9rale, Le Projet de la r\u00e9alit\u00e9 climatique Canada\u00a0<\/strong><\/p>\n<p>\u00ab Nous sommes \u00e0 un moment d\u00e9cisif pour sauver la vie sur terre. S&rsquo;il s&rsquo;agit d&rsquo;une crise mondiale, les impacts continuent d&rsquo;affecter de mani\u00e8re disproportionn\u00e9e ceux qui y ont le moins contribu\u00e9 &#8211; les pays les plus pauvres, les peuples autochtones, les femmes, les personnes non-binaires et les jeunes. Un financement nouveau, additionnel, ad\u00e9quat et accessible est essentiel pour rem\u00e9dier \u00e0 ces multiples injustices. Le Canada fait aujourd&rsquo;hui un pas important dans la bonne direction avec cet engagement, qui devra servir de catalyseur pour une plus grande solidarit\u00e9 internationale pour la biodiversit\u00e9 venant des pays riches lors de cette COP. \u00bb<\/p>\n<p><strong>Reykia Fick, charg\u00e9e de campagne Nature et Alimentation chez Greenpeace Canada:<\/strong><\/p>\n<p>\u00ab Il est bon que le Canada ait engag\u00e9 de nouveaux fonds pour r\u00e9pondre \u00e0 la crise mondiale de la biodiversit\u00e9. Cette annonce faite \u00e0 l&rsquo;occasion du lancement de la COP15 sur la biodiversit\u00e9 \u00e0 Montr\u00e9al accentue la pression exerc\u00e9e sur les autres pays d\u00e9velopp\u00e9s pour qu&rsquo;ils lui embo\u00eetent le pas et engagent de nouveaux fonds qui n&rsquo;avaient pas \u00e9t\u00e9 allou\u00e9s auparavant.<\/p>\n<p>Cependant, face au d\u00e9ficit annuel de 100 milliards de dollars US dans le financement mondial de la biodiversit\u00e9 identifi\u00e9 par le Groupe africain aux Nations Unies et les autres pays ayant la m\u00eame optique, et au financement annuel de 600 millions de dollars CA recommand\u00e9 par la Coalition pour un budget vert, cet engagement ne doit \u00eatre qu&rsquo;un premier pas pour que le Canada paie sa juste part dans l&rsquo;effort mondial en cours pour arr\u00eater et inverser cette extinction massive. \u00bb<\/p>\n<p><strong>Gerardo Almaguer, pr\u00e9sident-directeur g\u00e9n\u00e9ral, D\u00e9veloppement international Desjardins (DID):<\/strong><\/p>\n<p>\u00ab Les pays en d\u00e9veloppement demeurent les plus vuln\u00e9rables devant la perte de biodiversit\u00e9 et les changements climatiques. Renforcer la r\u00e9silience de leurs populations est donc une priorit\u00e9 pour nous, et nous sommes extr\u00eamement heureux de l\u2019engagement que prend aujourd\u2019hui le gouvernement canadien dans cette perspective. \u00bb<\/p>\n<p><strong>Dre Claudel P\u00e9trin-Desrosiers, m\u00e9decin de famille \u00e0 Montr\u00e9al et membre de l\u2019Association canadienne des m\u00e9decins pour l\u2019environnement (ACME):<\/strong><\/p>\n<p>\u00ab Pour l&rsquo;Association canadienne des m\u00e9decins pour l&rsquo;environnement (ACME), la protection de la biodiversit\u00e9 et la restauration des \u00e9cosyst\u00e8mes naturels sont des mesures positives pour la sant\u00e9 humaine. En ce sens, nous soulignons l&rsquo;annonce effectu\u00e9e aujourd&rsquo;hui par le Gouvernement du Canada d&rsquo;un financement rehauss\u00e9 pour la biodiversit\u00e9, qui contribuera positivement \u00e0 la sant\u00e9 des populations humaines, animales et v\u00e9g\u00e9tales. \u00bb<\/p>\n<p><strong>Julie Segal, Gestionnaire principal du financement du climat, Environmental Defence Canada:\u00a0<\/strong><\/p>\n<p>\u00ab\u00a0Mettre des fonds dans la protection et la restauration de la biodiversit\u00e9 est un investissement. Le Canada a raison de lancer la COP15 avec un engagement concret de 350 millions de dollars. Mais le Canada doit aller plus loin et s&rsquo;assurer que d&rsquo;autres pays riches mettent de l&rsquo;argent sur la table pour la nature, et que tous les dollars financiers priv\u00e9s ont le m\u00eame impact positif sur la conservation de la nature mondiale.\u00a0\u00bb<\/p>\n<p><strong>Isabelle M\u00e9nard, conseill\u00e8re syndicale sant\u00e9, s\u00e9curit\u00e9 et environnement, CSN:<\/strong><\/p>\n<p>\u00ab\u00a0La protection de la biodiversit\u00e9, et l\u2019utilisation durable des ressources en lien avec la capacit\u00e9 des \u00e9cosyst\u00e8mes est un gage de maintien des emplois pour les travailleurs et travailleuses et leur communaut\u00e9. Trop souvent, les travailleurs paient le prix de perte d\u2019emploi pour une gestion inad\u00e9quate des ressources, c\u2019est pour cette raison qu\u2019il est primordial pour les gouvernements de mettre de l\u2019avant la transition juste.\u00a0\u00bb<\/p>\n<p><strong>Patrick Dub\u00e9, Directeur g\u00e9n\u00e9ral, Maison de l\u2019innovation sociale (MIS):<\/strong><\/p>\n<p>\u00ab La Maison de l&rsquo;innovation sociale\u00a0 (MIS) applaudit l&rsquo;engagement financier du Canada pour la biodiversit\u00e9. Elle rappelle que pour prot\u00e9ger le vivant, nous devons transformer radicalement nos fa\u00e7ons de faire et ne pas reculer face \u00e0 la complexit\u00e9 de nos syst\u00e8mes. Mobilis\u00e9e par le champ de pratique de l&rsquo;innovation sociale pour conduire un v\u00e9ritable changement, la MIS appelle le gouvernement \u00e0 investir \u00e9galement dans les leviers d&rsquo;action concrets, comme l\u2019innovation financi\u00e8re et r\u00e9glementaire, pour mieux faire face aux grands enjeux du XXIe si\u00e8cle. \u00bb<\/p>\n<\/blockquote>\n<p dir=\"ltr\" style=\"text-align: center;\">-30-<\/p>\n<p><em><strong>Climate Action Network \u2013 R\u00e9seau action climat (CAN-Rac) Canada<\/strong>\u00a0est le plus vaste r\u00e9seau d\u2019organisations travaillant sur les questions li\u00e9es aux changements climatiques et \u00e0 l&rsquo;\u00e9nergie au Canada. Il s\u2019agit d\u2019une coalition de 140 organisations op\u00e9rant d\u2019un oc\u00e9an \u00e0 l\u2019autre. Nos membres rassemblent des groupes environnementaux, des syndicats, des Premi\u00e8res Nations, des organisations de justice sociale, de d\u00e9veloppement, de sant\u00e9 et de jeunesse, des groupes religieux et des initiatives locales.<\/em><\/p>\n<p><strong>Pour plus d&rsquo;informations, pour organiser une entrevue, ou pour vous inscrire \u00e0 nos mises \u00e0 jour quotidiennes sur la COP15, contactez :<\/strong><\/p>\n<p>Vicky Coo, Responsable des communications<br \/>\n<a href=\"mailto:comms@climateactionnetwork.ca\" target=\"_blank\" rel=\"noopener\">comms@climateactionnetwork.ca<\/a>, 613-203-3272<\/p>\n<\/div><\/div><style type=\"text\/css\">.fusion-body .fusion-builder-column-0{width:100% !important;margin-top : 0px;margin-bottom : 20px;}.fusion-builder-column-0 > .fusion-column-wrapper {padding-top : 0px !important;padding-right : 0px !important;margin-right : 1.92%;padding-bottom : 0px !important;padding-left : 0px !important;margin-left : 1.92%;}@media only screen and (max-width:1024px) {.fusion-body .fusion-builder-column-0{width:100% !important;order : 0;}.fusion-builder-column-0 > .fusion-column-wrapper {margin-right : 1.92%;margin-left : 1.92%;}}@media only screen and (max-width:800px) {.fusion-body .fusion-builder-column-0{width:100% !important;order : 0;}.fusion-builder-column-0 > .fusion-column-wrapper {margin-right : 1.92%;margin-left : 1.92%;}}<\/style><\/div><\/div><style type=\"text\/css\">.fusion-body .fusion-flex-container.fusion-builder-row-1{ padding-top : 0px;margin-top : 0px;padding-right : 0px;padding-bottom : 0px;margin-bottom : 0px;padding-left : 0px;}<\/style><\/div>\n","protected":false},"excerpt":{"rendered":"","protected":false},"author":12,"featured_media":47667,"comment_status":"closed","ping_status":"closed","sticky":false,"template":"","format":"standard","meta":{"inline_featured_image":false,"footnotes":"","_wp_rev_ctl_limit":""},"categories":[64],"tags":[],"class_list":["post-47670","post","type-post","status-publish","format-standard","has-post-thumbnail","hentry","category-press-release-fr"],"acf":[],"yoast_head":"<!-- This site is optimized with the Yoast SEO plugin v27.3 - https:\/\/yoast.com\/product\/yoast-seo-wordpress\/ -->\n<title>\u00c0 l&#039;ouverture de la COP15, le Canada s&#039;engage \u00e0 verser un acompte sur le financement international de la biodiversit\u00e9 - Climate Action Network Canada (CAN-Rac)<\/title>\n<meta name=\"robots\" content=\"index, follow, max-snippet:-1, max-image-preview:large, max-video-preview:-1\" \/>\n<link rel=\"canonical\" href=\"https:\/\/climateactionnetwork.ca\/fr\/a-louverture-de-la-cop15-le-canada-sengage-a-verser-un-acompte-sur-le-financement-international-de-la-biodiversite\/\" \/>\n<meta property=\"og:locale\" content=\"fr_FR\" \/>\n<meta property=\"og:type\" content=\"article\" \/>\n<meta property=\"og:title\" content=\"\u00c0 l&#039;ouverture de la COP15, le Canada s&#039;engage \u00e0 verser un acompte sur le financement international de la biodiversit\u00e9 - Climate Action Network Canada (CAN-Rac)\" \/>\n<meta property=\"og:url\" content=\"https:\/\/climateactionnetwork.ca\/fr\/a-louverture-de-la-cop15-le-canada-sengage-a-verser-un-acompte-sur-le-financement-international-de-la-biodiversite\/\" \/>\n<meta property=\"og:site_name\" content=\"Climate Action Network Canada (CAN-Rac)\" \/>\n<meta property=\"article:publisher\" content=\"https:\/\/www.facebook.com\/climate.action.network.canada\" \/>\n<meta property=\"article:published_time\" content=\"2022-12-07T00:07:27+00:00\" \/>\n<meta property=\"article:modified_time\" content=\"2022-12-07T00:13:53+00:00\" \/>\n<meta property=\"og:image\" content=\"https:\/\/climateactionnetwork.ca\/wp-content\/uploads\/Trudeau-COP15-e1670371632881.jpeg\" \/>\n\t<meta property=\"og:image:width\" content=\"2048\" \/>\n\t<meta property=\"og:image:height\" content=\"1364\" \/>\n\t<meta property=\"og:image:type\" content=\"image\/jpeg\" \/>\n<meta name=\"author\" content=\"CAN-Rac\" \/>\n<meta name=\"twitter:card\" content=\"summary_large_image\" \/>\n<meta name=\"twitter:creator\" content=\"@CANRacCanada\" \/>\n<meta name=\"twitter:site\" content=\"@CANRacCanada\" \/>\n<meta name=\"twitter:label1\" content=\"\u00c9crit par\" \/>\n\t<meta name=\"twitter:data1\" content=\"CAN-Rac\" \/>\n\t<meta name=\"twitter:label2\" content=\"Dur\u00e9e de lecture estim\u00e9e\" \/>\n\t<meta name=\"twitter:data2\" content=\"7 minutes\" \/>\n<script type=\"application\/ld+json\" class=\"yoast-schema-graph\">{\"@context\":\"https:\\\/\\\/schema.org\",\"@graph\":[{\"@type\":\"Article\",\"@id\":\"https:\\\/\\\/climateactionnetwork.ca\\\/fr\\\/a-louverture-de-la-cop15-le-canada-sengage-a-verser-un-acompte-sur-le-financement-international-de-la-biodiversite\\\/#article\",\"isPartOf\":{\"@id\":\"https:\\\/\\\/climateactionnetwork.ca\\\/fr\\\/a-louverture-de-la-cop15-le-canada-sengage-a-verser-un-acompte-sur-le-financement-international-de-la-biodiversite\\\/\"},\"author\":{\"name\":\"CAN-Rac\",\"@id\":\"https:\\\/\\\/climateactionnetwork.ca\\\/#\\\/schema\\\/person\\\/4ad4602d984a4c22eeeda686b9ed4b11\"},\"headline\":\"\u00c0 l&rsquo;ouverture de la COP15, le Canada s&rsquo;engage \u00e0 verser un acompte sur le financement international de la biodiversit\u00e9\",\"datePublished\":\"2022-12-07T00:07:27+00:00\",\"dateModified\":\"2022-12-07T00:13:53+00:00\",\"mainEntityOfPage\":{\"@id\":\"https:\\\/\\\/climateactionnetwork.ca\\\/fr\\\/a-louverture-de-la-cop15-le-canada-sengage-a-verser-un-acompte-sur-le-financement-international-de-la-biodiversite\\\/\"},\"wordCount\":2089,\"publisher\":{\"@id\":\"https:\\\/\\\/climateactionnetwork.ca\\\/#organization\"},\"image\":{\"@id\":\"https:\\\/\\\/climateactionnetwork.ca\\\/fr\\\/a-louverture-de-la-cop15-le-canada-sengage-a-verser-un-acompte-sur-le-financement-international-de-la-biodiversite\\\/#primaryimage\"},\"thumbnailUrl\":\"https:\\\/\\\/climateactionnetwork.ca\\\/wp-content\\\/uploads\\\/Trudeau-COP15-e1670371632881.jpeg\",\"articleSection\":[\"Communiqu\u00e9 de presse\"],\"inLanguage\":\"fr-FR\"},{\"@type\":\"WebPage\",\"@id\":\"https:\\\/\\\/climateactionnetwork.ca\\\/fr\\\/a-louverture-de-la-cop15-le-canada-sengage-a-verser-un-acompte-sur-le-financement-international-de-la-biodiversite\\\/\",\"url\":\"https:\\\/\\\/climateactionnetwork.ca\\\/fr\\\/a-louverture-de-la-cop15-le-canada-sengage-a-verser-un-acompte-sur-le-financement-international-de-la-biodiversite\\\/\",\"name\":\"\u00c0 l'ouverture de la COP15, le Canada s'engage \u00e0 verser un acompte sur le financement international de la biodiversit\u00e9 - Climate Action Network Canada (CAN-Rac)\",\"isPartOf\":{\"@id\":\"https:\\\/\\\/climateactionnetwork.ca\\\/#website\"},\"primaryImageOfPage\":{\"@id\":\"https:\\\/\\\/climateactionnetwork.ca\\\/fr\\\/a-louverture-de-la-cop15-le-canada-sengage-a-verser-un-acompte-sur-le-financement-international-de-la-biodiversite\\\/#primaryimage\"},\"image\":{\"@id\":\"https:\\\/\\\/climateactionnetwork.ca\\\/fr\\\/a-louverture-de-la-cop15-le-canada-sengage-a-verser-un-acompte-sur-le-financement-international-de-la-biodiversite\\\/#primaryimage\"},\"thumbnailUrl\":\"https:\\\/\\\/climateactionnetwork.ca\\\/wp-content\\\/uploads\\\/Trudeau-COP15-e1670371632881.jpeg\",\"datePublished\":\"2022-12-07T00:07:27+00:00\",\"dateModified\":\"2022-12-07T00:13:53+00:00\",\"breadcrumb\":{\"@id\":\"https:\\\/\\\/climateactionnetwork.ca\\\/fr\\\/a-louverture-de-la-cop15-le-canada-sengage-a-verser-un-acompte-sur-le-financement-international-de-la-biodiversite\\\/#breadcrumb\"},\"inLanguage\":\"fr-FR\",\"potentialAction\":[{\"@type\":\"ReadAction\",\"target\":[\"https:\\\/\\\/climateactionnetwork.ca\\\/fr\\\/a-louverture-de-la-cop15-le-canada-sengage-a-verser-un-acompte-sur-le-financement-international-de-la-biodiversite\\\/\"]}]},{\"@type\":\"ImageObject\",\"inLanguage\":\"fr-FR\",\"@id\":\"https:\\\/\\\/climateactionnetwork.ca\\\/fr\\\/a-louverture-de-la-cop15-le-canada-sengage-a-verser-un-acompte-sur-le-financement-international-de-la-biodiversite\\\/#primaryimage\",\"url\":\"https:\\\/\\\/climateactionnetwork.ca\\\/wp-content\\\/uploads\\\/Trudeau-COP15-e1670371632881.jpeg\",\"contentUrl\":\"https:\\\/\\\/climateactionnetwork.ca\\\/wp-content\\\/uploads\\\/Trudeau-COP15-e1670371632881.jpeg\",\"width\":2048,\"height\":1364},{\"@type\":\"BreadcrumbList\",\"@id\":\"https:\\\/\\\/climateactionnetwork.ca\\\/fr\\\/a-louverture-de-la-cop15-le-canada-sengage-a-verser-un-acompte-sur-le-financement-international-de-la-biodiversite\\\/#breadcrumb\",\"itemListElement\":[{\"@type\":\"ListItem\",\"position\":1,\"name\":\"Home\",\"item\":\"https:\\\/\\\/climateactionnetwork.ca\\\/fr\\\/\"},{\"@type\":\"ListItem\",\"position\":2,\"name\":\"\u00c0 l&#8217;ouverture de la COP15, le Canada s&#8217;engage \u00e0 verser un acompte sur le financement international de la biodiversit\u00e9\"}]},{\"@type\":\"WebSite\",\"@id\":\"https:\\\/\\\/climateactionnetwork.ca\\\/#website\",\"url\":\"https:\\\/\\\/climateactionnetwork.ca\\\/\",\"name\":\"Climate Action Network Canada (CAN-Rac)\",\"description\":\"Climate Action Network Canada (CAN-Rac)\",\"publisher\":{\"@id\":\"https:\\\/\\\/climateactionnetwork.ca\\\/#organization\"},\"potentialAction\":[{\"@type\":\"SearchAction\",\"target\":{\"@type\":\"EntryPoint\",\"urlTemplate\":\"https:\\\/\\\/climateactionnetwork.ca\\\/?s={search_term_string}\"},\"query-input\":{\"@type\":\"PropertyValueSpecification\",\"valueRequired\":true,\"valueName\":\"search_term_string\"}}],\"inLanguage\":\"fr-FR\"},{\"@type\":\"Organization\",\"@id\":\"https:\\\/\\\/climateactionnetwork.ca\\\/#organization\",\"name\":\"Climate Action Network - R\u00e9seau action climat Canada\",\"alternateName\":\"CAN-Rac\",\"url\":\"https:\\\/\\\/climateactionnetwork.ca\\\/\",\"logo\":{\"@type\":\"ImageObject\",\"inLanguage\":\"fr-FR\",\"@id\":\"https:\\\/\\\/climateactionnetwork.ca\\\/#\\\/schema\\\/logo\\\/image\\\/\",\"url\":\"https:\\\/\\\/climateactionnetwork.ca\\\/wp-content\\\/uploads\\\/CAN-Rac-Canada-logo-cmyk-png-transparent.png\",\"contentUrl\":\"https:\\\/\\\/climateactionnetwork.ca\\\/wp-content\\\/uploads\\\/CAN-Rac-Canada-logo-cmyk-png-transparent.png\",\"width\":1181,\"height\":1181,\"caption\":\"Climate Action Network - R\u00e9seau action climat Canada\"},\"image\":{\"@id\":\"https:\\\/\\\/climateactionnetwork.ca\\\/#\\\/schema\\\/logo\\\/image\\\/\"},\"sameAs\":[\"https:\\\/\\\/www.facebook.com\\\/climate.action.network.canada\",\"https:\\\/\\\/x.com\\\/CANRacCanada\"]},{\"@type\":\"Person\",\"@id\":\"https:\\\/\\\/climateactionnetwork.ca\\\/#\\\/schema\\\/person\\\/4ad4602d984a4c22eeeda686b9ed4b11\",\"name\":\"CAN-Rac\",\"image\":{\"@type\":\"ImageObject\",\"inLanguage\":\"fr-FR\",\"@id\":\"https:\\\/\\\/secure.gravatar.com\\\/avatar\\\/6e5100adb2bbf1dbf69d7db31921138dd1ab8eaf68a8fb474653e979bcc5860d?s=96&d=mm&r=g\",\"url\":\"https:\\\/\\\/secure.gravatar.com\\\/avatar\\\/6e5100adb2bbf1dbf69d7db31921138dd1ab8eaf68a8fb474653e979bcc5860d?s=96&d=mm&r=g\",\"contentUrl\":\"https:\\\/\\\/secure.gravatar.com\\\/avatar\\\/6e5100adb2bbf1dbf69d7db31921138dd1ab8eaf68a8fb474653e979bcc5860d?s=96&d=mm&r=g\",\"caption\":\"CAN-Rac\"},\"url\":\"https:\\\/\\\/climateactionnetwork.ca\\\/fr\\\/author\\\/vicky\\\/\"}]}<\/script>\n<!-- \/ Yoast SEO plugin. -->","yoast_head_json":{"title":"\u00c0 l'ouverture de la COP15, le Canada s'engage \u00e0 verser un acompte sur le financement international de la biodiversit\u00e9 - Climate Action Network Canada (CAN-Rac)","robots":{"index":"index","follow":"follow","max-snippet":"max-snippet:-1","max-image-preview":"max-image-preview:large","max-video-preview":"max-video-preview:-1"},"canonical":"https:\/\/climateactionnetwork.ca\/fr\/a-louverture-de-la-cop15-le-canada-sengage-a-verser-un-acompte-sur-le-financement-international-de-la-biodiversite\/","og_locale":"fr_FR","og_type":"article","og_title":"\u00c0 l'ouverture de la COP15, le Canada s'engage \u00e0 verser un acompte sur le financement international de la biodiversit\u00e9 - Climate Action Network Canada (CAN-Rac)","og_url":"https:\/\/climateactionnetwork.ca\/fr\/a-louverture-de-la-cop15-le-canada-sengage-a-verser-un-acompte-sur-le-financement-international-de-la-biodiversite\/","og_site_name":"Climate Action Network Canada (CAN-Rac)","article_publisher":"https:\/\/www.facebook.com\/climate.action.network.canada","article_published_time":"2022-12-07T00:07:27+00:00","article_modified_time":"2022-12-07T00:13:53+00:00","og_image":[{"width":2048,"height":1364,"url":"https:\/\/climateactionnetwork.ca\/wp-content\/uploads\/Trudeau-COP15-e1670371632881.jpeg","type":"image\/jpeg"}],"author":"CAN-Rac","twitter_card":"summary_large_image","twitter_creator":"@CANRacCanada","twitter_site":"@CANRacCanada","twitter_misc":{"\u00c9crit par":"CAN-Rac","Dur\u00e9e de lecture estim\u00e9e":"7 minutes"},"schema":{"@context":"https:\/\/schema.org","@graph":[{"@type":"Article","@id":"https:\/\/climateactionnetwork.ca\/fr\/a-louverture-de-la-cop15-le-canada-sengage-a-verser-un-acompte-sur-le-financement-international-de-la-biodiversite\/#article","isPartOf":{"@id":"https:\/\/climateactionnetwork.ca\/fr\/a-louverture-de-la-cop15-le-canada-sengage-a-verser-un-acompte-sur-le-financement-international-de-la-biodiversite\/"},"author":{"name":"CAN-Rac","@id":"https:\/\/climateactionnetwork.ca\/#\/schema\/person\/4ad4602d984a4c22eeeda686b9ed4b11"},"headline":"\u00c0 l&rsquo;ouverture de la COP15, le Canada s&rsquo;engage \u00e0 verser un acompte sur le financement international de la biodiversit\u00e9","datePublished":"2022-12-07T00:07:27+00:00","dateModified":"2022-12-07T00:13:53+00:00","mainEntityOfPage":{"@id":"https:\/\/climateactionnetwork.ca\/fr\/a-louverture-de-la-cop15-le-canada-sengage-a-verser-un-acompte-sur-le-financement-international-de-la-biodiversite\/"},"wordCount":2089,"publisher":{"@id":"https:\/\/climateactionnetwork.ca\/#organization"},"image":{"@id":"https:\/\/climateactionnetwork.ca\/fr\/a-louverture-de-la-cop15-le-canada-sengage-a-verser-un-acompte-sur-le-financement-international-de-la-biodiversite\/#primaryimage"},"thumbnailUrl":"https:\/\/climateactionnetwork.ca\/wp-content\/uploads\/Trudeau-COP15-e1670371632881.jpeg","articleSection":["Communiqu\u00e9 de presse"],"inLanguage":"fr-FR"},{"@type":"WebPage","@id":"https:\/\/climateactionnetwork.ca\/fr\/a-louverture-de-la-cop15-le-canada-sengage-a-verser-un-acompte-sur-le-financement-international-de-la-biodiversite\/","url":"https:\/\/climateactionnetwork.ca\/fr\/a-louverture-de-la-cop15-le-canada-sengage-a-verser-un-acompte-sur-le-financement-international-de-la-biodiversite\/","name":"\u00c0 l'ouverture de la COP15, le Canada s'engage \u00e0 verser un acompte sur le financement international de la biodiversit\u00e9 - Climate Action Network Canada (CAN-Rac)","isPartOf":{"@id":"https:\/\/climateactionnetwork.ca\/#website"},"primaryImageOfPage":{"@id":"https:\/\/climateactionnetwork.ca\/fr\/a-louverture-de-la-cop15-le-canada-sengage-a-verser-un-acompte-sur-le-financement-international-de-la-biodiversite\/#primaryimage"},"image":{"@id":"https:\/\/climateactionnetwork.ca\/fr\/a-louverture-de-la-cop15-le-canada-sengage-a-verser-un-acompte-sur-le-financement-international-de-la-biodiversite\/#primaryimage"},"thumbnailUrl":"https:\/\/climateactionnetwork.ca\/wp-content\/uploads\/Trudeau-COP15-e1670371632881.jpeg","datePublished":"2022-12-07T00:07:27+00:00","dateModified":"2022-12-07T00:13:53+00:00","breadcrumb":{"@id":"https:\/\/climateactionnetwork.ca\/fr\/a-louverture-de-la-cop15-le-canada-sengage-a-verser-un-acompte-sur-le-financement-international-de-la-biodiversite\/#breadcrumb"},"inLanguage":"fr-FR","potentialAction":[{"@type":"ReadAction","target":["https:\/\/climateactionnetwork.ca\/fr\/a-louverture-de-la-cop15-le-canada-sengage-a-verser-un-acompte-sur-le-financement-international-de-la-biodiversite\/"]}]},{"@type":"ImageObject","inLanguage":"fr-FR","@id":"https:\/\/climateactionnetwork.ca\/fr\/a-louverture-de-la-cop15-le-canada-sengage-a-verser-un-acompte-sur-le-financement-international-de-la-biodiversite\/#primaryimage","url":"https:\/\/climateactionnetwork.ca\/wp-content\/uploads\/Trudeau-COP15-e1670371632881.jpeg","contentUrl":"https:\/\/climateactionnetwork.ca\/wp-content\/uploads\/Trudeau-COP15-e1670371632881.jpeg","width":2048,"height":1364},{"@type":"BreadcrumbList","@id":"https:\/\/climateactionnetwork.ca\/fr\/a-louverture-de-la-cop15-le-canada-sengage-a-verser-un-acompte-sur-le-financement-international-de-la-biodiversite\/#breadcrumb","itemListElement":[{"@type":"ListItem","position":1,"name":"Home","item":"https:\/\/climateactionnetwork.ca\/fr\/"},{"@type":"ListItem","position":2,"name":"\u00c0 l&#8217;ouverture de la COP15, le Canada s&#8217;engage \u00e0 verser un acompte sur le financement international de la biodiversit\u00e9"}]},{"@type":"WebSite","@id":"https:\/\/climateactionnetwork.ca\/#website","url":"https:\/\/climateactionnetwork.ca\/","name":"Climate Action Network Canada (CAN-Rac)","description":"Climate Action Network Canada (CAN-Rac)","publisher":{"@id":"https:\/\/climateactionnetwork.ca\/#organization"},"potentialAction":[{"@type":"SearchAction","target":{"@type":"EntryPoint","urlTemplate":"https:\/\/climateactionnetwork.ca\/?s={search_term_string}"},"query-input":{"@type":"PropertyValueSpecification","valueRequired":true,"valueName":"search_term_string"}}],"inLanguage":"fr-FR"},{"@type":"Organization","@id":"https:\/\/climateactionnetwork.ca\/#organization","name":"Climate Action Network - R\u00e9seau action climat Canada","alternateName":"CAN-Rac","url":"https:\/\/climateactionnetwork.ca\/","logo":{"@type":"ImageObject","inLanguage":"fr-FR","@id":"https:\/\/climateactionnetwork.ca\/#\/schema\/logo\/image\/","url":"https:\/\/climateactionnetwork.ca\/wp-content\/uploads\/CAN-Rac-Canada-logo-cmyk-png-transparent.png","contentUrl":"https:\/\/climateactionnetwork.ca\/wp-content\/uploads\/CAN-Rac-Canada-logo-cmyk-png-transparent.png","width":1181,"height":1181,"caption":"Climate Action Network - R\u00e9seau action climat Canada"},"image":{"@id":"https:\/\/climateactionnetwork.ca\/#\/schema\/logo\/image\/"},"sameAs":["https:\/\/www.facebook.com\/climate.action.network.canada","https:\/\/x.com\/CANRacCanada"]},{"@type":"Person","@id":"https:\/\/climateactionnetwork.ca\/#\/schema\/person\/4ad4602d984a4c22eeeda686b9ed4b11","name":"CAN-Rac","image":{"@type":"ImageObject","inLanguage":"fr-FR","@id":"https:\/\/secure.gravatar.com\/avatar\/6e5100adb2bbf1dbf69d7db31921138dd1ab8eaf68a8fb474653e979bcc5860d?s=96&d=mm&r=g","url":"https:\/\/secure.gravatar.com\/avatar\/6e5100adb2bbf1dbf69d7db31921138dd1ab8eaf68a8fb474653e979bcc5860d?s=96&d=mm&r=g","contentUrl":"https:\/\/secure.gravatar.com\/avatar\/6e5100adb2bbf1dbf69d7db31921138dd1ab8eaf68a8fb474653e979bcc5860d?s=96&d=mm&r=g","caption":"CAN-Rac"},"url":"https:\/\/climateactionnetwork.ca\/fr\/author\/vicky\/"}]}},"_links":{"self":[{"href":"https:\/\/climateactionnetwork.ca\/fr\/wp-json\/wp\/v2\/posts\/47670","targetHints":{"allow":["GET"]}}],"collection":[{"href":"https:\/\/climateactionnetwork.ca\/fr\/wp-json\/wp\/v2\/posts"}],"about":[{"href":"https:\/\/climateactionnetwork.ca\/fr\/wp-json\/wp\/v2\/types\/post"}],"author":[{"embeddable":true,"href":"https:\/\/climateactionnetwork.ca\/fr\/wp-json\/wp\/v2\/users\/12"}],"replies":[{"embeddable":true,"href":"https:\/\/climateactionnetwork.ca\/fr\/wp-json\/wp\/v2\/comments?post=47670"}],"version-history":[{"count":2,"href":"https:\/\/climateactionnetwork.ca\/fr\/wp-json\/wp\/v2\/posts\/47670\/revisions"}],"predecessor-version":[{"id":47672,"href":"https:\/\/climateactionnetwork.ca\/fr\/wp-json\/wp\/v2\/posts\/47670\/revisions\/47672"}],"wp:featuredmedia":[{"embeddable":true,"href":"https:\/\/climateactionnetwork.ca\/fr\/wp-json\/wp\/v2\/media\/47667"}],"wp:attachment":[{"href":"https:\/\/climateactionnetwork.ca\/fr\/wp-json\/wp\/v2\/media?parent=47670"}],"wp:term":[{"taxonomy":"category","embeddable":true,"href":"https:\/\/climateactionnetwork.ca\/fr\/wp-json\/wp\/v2\/categories?post=47670"},{"taxonomy":"post_tag","embeddable":true,"href":"https:\/\/climateactionnetwork.ca\/fr\/wp-json\/wp\/v2\/tags?post=47670"}],"curies":[{"name":"wp","href":"https:\/\/api.w.org\/{rel}","templated":true}]}}